{"id":6630,"date":"2022-06-21T08:00:07","date_gmt":"2022-06-21T11:00:07","guid":{"rendered":"https:\/\/elprofesional.uy\/www\/?p=6630"},"modified":"2022-06-20T22:53:03","modified_gmt":"2022-06-21T01:53:03","slug":"el-consejo-asesor-consultivo-de-inau-iniciara-una-campana-solidaria-esta-semana","status":"publish","type":"post","link":"https:\/\/elprofesional.uy\/www\/archivos\/6630","title":{"rendered":"El Consejo Asesor Consultivo de INAU iniciar\u00e1 una campa\u00f1a solidaria esta semana"},"content":{"rendered":"<p><strong>\u201cEl CAC abrigando corazones\u201d se pone en marcha el jueves 24 de junio. <\/strong><\/p>\n<p><strong>\u00a0<\/strong><\/p>\n<p>El Consejo Asesor Consultivo de INAU, consustanciado con la problem\u00e1tica social, iniciar\u00e1 una campa\u00f1a de car\u00e1cter solidario en el correr de esta semana.<\/p>\n<p>\u201cEl CAC abrigando corazones\u201d se pone en marcha el pr\u00f3ximo jueves 24 de junio y apunta a recolectar prendas de abrigo para luego entregar a ni\u00f1os, ni\u00f1as y adolescentes que lo necesiten.<\/p>\n<p>&nbsp;<\/p>\n<p><strong>\u201cEs una campa\u00f1a donde estamos buscando todo tipo de abrigos y ropa que cualquier persona se pueda acercar a donar, m\u00e1s que nada para la poblaci\u00f3n infantil y adolescente pero no vamos a descuidar a otro tipo de poblaciones. Esto surge cuando visualizamos que en el departamento hab\u00eda mucha necesidad y en los centros a donde concurren los chiquilines, ya sea liceos como Centros Juveniles y CAIF, se crey\u00f3 conveniente buscar abrigos porque los gurises mismo ven\u00edan y planteaban que la situaci\u00f3n en la casa estaba complicada\u201d <\/strong>cont\u00f3 <strong>Guadalupe Alexandre <\/strong>a <strong>EL PROFESIONAL Diario. <\/strong><\/p>\n<p><strong>\u00a0<\/strong><\/p>\n<p><strong>\u201cA partir de ah\u00ed lo que hicimos fue poner a andar un proyecto que ten\u00edamos planeado desde el a\u00f1o pasado pero que por distintos factores y por otras actividades que tuvo INAU no se pudo concretar. Este a\u00f1o s\u00ed lo estamos sacando a flote\u201d <\/strong>agreg\u00f3. <strong>\u201cTambi\u00e9n porque vimos que en Melo hab\u00eda personas en situaci\u00f3n de calle y de alguna manera u otra quisimos hacer \u00e9nfasis en eso enfoc\u00e1ndonos en hacer un bien para los dem\u00e1s\u201d <\/strong>remarc\u00f3 la Consejera de INAU Cerro Largo.<\/p>\n<p>&nbsp;<\/p>\n<p><strong>\u201cQuienes quieran colaborar se tienen que acercar a los Centros donde se encuentren las cajas\u201d <\/strong>inform\u00f3. <strong>\u201cLas cajas las vamos a armar el pr\u00f3ximo jueves en una jornada que vamos a hacer con todos los chiquilines que se quieran acercar, algunos centros fueron invitados de los que ya recibimos donaciones como es el caso de Mar\u00eda Auxiliadora. Nos pusimos en contacto con ellos y desde el primer momento ya se ofrecieron y nos donaron canastas porque tambi\u00e9n visualizamos la necesidad de alimentos en algunos sectores m\u00e1s cr\u00edticos del departamento. En el caso de Mar\u00eda Auxiliadora van a armar canastas con alimentos y algunos abrigos y nos van a acercar este jueves al Centro Comercial en la jornada. Cualquier persona que quiera donar se puede acercar a los centros donde van a estar las cajas\u201d <\/strong>reiter\u00f3.<\/p>\n<p>&nbsp;<\/p>\n<p>La campa\u00f1a apunta a abrigos y alimentos no perecederos fundamentalmente. <strong>\u201cCualquier tipo de ropa, abrigo, zapatos tambi\u00e9n o alg\u00fan alimento que quieran ir juntando o incluso arrimando directamente a la Oficina Departamental de INAU\u201d <\/strong>manifest\u00f3 Guadalupe Alexandre.<\/p>\n<p>&nbsp;<\/p>\n<p><strong>\u201cCreemos que esta actividad es un gran impulso para el grupo que tenemos. Es preocuparse tambi\u00e9n por los dem\u00e1s. Hay que dejar de mirar hacia adentro y empezar a mirar hacia afuera sensibiliz\u00e1ndonos un poco m\u00e1s con todo lo que est\u00e1 pasando. Debemos hacernos un poco m\u00e1s de oyentes de aquellos que nos necesitan. Con cosas m\u00ednimas como puede ser un abrigo que tengo en el ropero y no uso y que a otro le puede servir, podemos ir prestando un poquito m\u00e1s de atenci\u00f3n a esas cosas, fortaleciendo y poniendo en pr\u00e1ctica otro tipo de valores que no tenemos en cuenta a diario\u201d <\/strong>reflexion\u00f3 la Consejera Departamental del CAC de INAU Cerro Largo.<\/p>\n","protected":false},"excerpt":{"rendered":"<p>\u201cEl CAC abrigando corazones\u201d se pone en marcha el jueves 24 de junio. \u00a0 El Consejo Asesor Consultivo de INAU, consustanciado con la problem\u00e1tica social, iniciar\u00e1 una campa\u00f1a de car\u00e1cter solidario en el correr de esta semana. \u201cEl CAC abrigando corazones\u201d se pone en marcha el pr\u00f3ximo jueves 24 de junio y apunta a recolectar &hellip;<\/p>\n","protected":false},"author":3,"featured_media":6633,"comment_status":"closed","ping_status":"closed","sticky":false,"template":"","format":"standard","meta":{"footnotes":""},"categories":[18],"tags":[],"class_list":["post-6630","post","type-post","status-publish","format-standard","has-post-thumbnail","hentry","category-locales"],"_links":{"self":[{"href":"https:\/\/elprofesional.uy\/www\/wp-json\/wp\/v2\/posts\/6630","targetHints":{"allow":["GET"]}}],"collection":[{"href":"https:\/\/elprofesional.uy\/www\/wp-json\/wp\/v2\/posts"}],"about":[{"href":"https:\/\/elprofesional.uy\/www\/wp-json\/wp\/v2\/types\/post"}],"author":[{"embeddable":true,"href":"https:\/\/elprofesional.uy\/www\/wp-json\/wp\/v2\/users\/3"}],"replies":[{"embeddable":true,"href":"https:\/\/elprofesional.uy\/www\/wp-json\/wp\/v2\/comments?post=6630"}],"version-history":[{"count":1,"href":"https:\/\/elprofesional.uy\/www\/wp-json\/wp\/v2\/posts\/6630\/revisions"}],"predecessor-version":[{"id":6634,"href":"https:\/\/elprofesional.uy\/www\/wp-json\/wp\/v2\/posts\/6630\/revisions\/6634"}],"wp:featuredmedia":[{"embeddable":true,"href":"https:\/\/elprofesional.uy\/www\/wp-json\/wp\/v2\/media\/6633"}],"wp:attachment":[{"href":"https:\/\/elprofesional.uy\/www\/wp-json\/wp\/v2\/media?parent=6630"}],"wp:term":[{"taxonomy":"category","embeddable":true,"href":"https:\/\/elprofesional.uy\/www\/wp-json\/wp\/v2\/categories?post=6630"},{"taxonomy":"post_tag","embeddable":true,"href":"https:\/\/elprofesional.uy\/www\/wp-json\/wp\/v2\/tags?post=6630"}],"curies":[{"name":"wp","href":"https:\/\/api.w.org\/{rel}","templated":true}]}}