{"id":6549,"date":"2022-06-17T08:00:13","date_gmt":"2022-06-17T11:00:13","guid":{"rendered":"https:\/\/elprofesional.uy\/www\/?p=6549"},"modified":"2022-06-17T09:54:00","modified_gmt":"2022-06-17T12:54:00","slug":"seleccion-el-equipo-estaba-como-apagado-no-tenia-una-continuidad-dijo-rebollo","status":"publish","type":"post","link":"https:\/\/elprofesional.uy\/www\/archivos\/6549","title":{"rendered":"Selecci\u00f3n: \u00abEl equipo estaba como apagado, no ten\u00eda una continuidad\u00bb, dijo Rebollo"},"content":{"rendered":"<p><strong>ten\u00eda una continuidad\u00bb, dijo Rebollo<\/strong><\/p>\n<p>\u00abLa salida fue un golpe, pero la verdad lo diger\u00ed bastante r\u00e1pido porque asum\u00ed que era parte de nuestra profesi\u00f3n\u00bb, dijo el ex asistente.<\/p>\n<p>Mario Rebollo,\u00a0ex asistente de la selecci\u00f3n uruguaya, dialog\u00f3 con\u00a0<em>Usted que Opina<\/em>\u00a0de Sport 890 y asegur\u00f3 que digiri\u00f3 \u00abbastante r\u00e1pido\u00bb su salida despu\u00e9s de 16 a\u00f1os.<\/p>\n<p>\u00abEstoy disfrutando mucho de la vida familiar y de este proyecto que es Enfoque que formamos con Andr\u00e9s (Scotti), Diego (God\u00edn) y Vicente (S\u00e1nchez)\u00bb, comenz\u00f3 diciendo.<\/p>\n<p>Afirm\u00f3 que \u00abinmediatamente de la salida de la selecci\u00f3n ten\u00eda la intenci\u00f3n de seguir vinculado al f\u00fatbol profesional, ya sea como entrenador o como gerente deportivo\u00bb, pero \u00aba medida que pas\u00f3 el tiempo, fui perdiendo la energ\u00eda y tom\u00e9 la decisi\u00f3n que no lo iba a hacer\u00bb, explic\u00f3.<\/p>\n<p>\u00abPasaron muchos meses entre que salimos y volvi\u00f3 a jugar Uruguay, entonces uno lo proces\u00f3. Fueron 16 a\u00f1os y la salida fue un golpe, pero la verdad lo diger\u00ed bastante r\u00e1pido porque asum\u00ed que era parte de nuestra profesi\u00f3n\u00bb, apunt\u00f3.<\/p>\n<p>\u00abSi los resultados no se dan tenes chance de no seguir\u00bb, manifest\u00f3 el ex asistente de \u00d3scar Washington Tab\u00e1rez. Adem\u00e1s, cont\u00f3 sobre el cuerpo t\u00e9cnico que \u00abtenemos di\u00e1logo y nos hemos encontrado, estamos en contacto\u00bb.<\/p>\n<p>Con respecto a la salida, dijo que \u00abdespu\u00e9s de la reuni\u00f3n de octubre, uno se va haciendo una idea, y si los resultados no te acompa\u00f1aban en noviembre, era casi un hecho, por eso lo diger\u00ed bien, pod\u00eda pasar\u00bb.<\/p>\n<p>\u00abTambi\u00e9n influye el rendimiento nuestro\u00bb, coment\u00f3. \u00abEn los \u00faltimos partidos de 2019 Uruguay fue competitivo, de ah\u00ed para adelante no tuvimos partidos de ese nivel, solo tuvimos momentos y no logramos una continuidad. Si no mantenes en el tiempo el nivel, la salida se puede dar\u00bb, ahond\u00f3 sobre el rendimiento de la Celeste.<\/p>\n<p>Asegur\u00f3 que \u00abintentamos cosas\u00bb para rever la situaci\u00f3n \u00abpero no pudimos\u00bb. \u00abEl equipo estaba como apagado, esa era la sensaci\u00f3n que yo ten\u00eda. No ten\u00eda una continuidad en intensidad para ser competitivos y ah\u00ed hay un porcentaje alto de responsabilidad nuestra\u00bb, a\u00f1adi\u00f3.<\/p>\n<p><strong>Nueva era<\/strong><\/p>\n<p>\u00abEl cambio fue notorio desde la llegada del nuevo cuerpo t\u00e9cnico\u00bb, sostuvo. Con Diego Alonso nos juntamos y le pas\u00e9 toda la informaci\u00f3n que necesitaba. En esa charla qued\u00e9 muy tranquilo porque vi que ten\u00eda las cosas claras\u00bb, cont\u00f3.<\/p>\n<p>Diego God\u00edn \u00abviene arrastrando un problema en la rodilla. A medida que pueda ir solucion\u00e1ndolo, va a lograr volver a su rendimiento habitual, no es f\u00e1cil convivir con esos dolores cr\u00f3nicos\u00bb, coment\u00f3.<\/p>\n<p>Sobre los delanteros, dijo que \u00aben el caso de Edi (Edinson Cavani), fue auspicioso que se le vea bien en el tema f\u00edsico. En el caso de Luis (Su\u00e1rez), a medida que pueda mitigar lo de la rodilla, va a tener un mejor rendimiento. Todos tienen ese compromiso de hacer todo para venir a jugar con la selecci\u00f3n\u00bb, asegur\u00f3.<\/p>\n<p>\u00abLa citaci\u00f3n de (Facundo) Pellistri me llam\u00f3 la atenci\u00f3n y es todo merito del entrenador, habla muy bien de Diego (Alonso). Es toda del entrenador y del jugador\u00bb, cerr\u00f3.<\/p>\n<p>F\u00fatbolUy.<\/p>\n<p>&nbsp;<\/p>\n","protected":false},"excerpt":{"rendered":"<p>ten\u00eda una continuidad\u00bb, dijo Rebollo \u00abLa salida fue un golpe, pero la verdad lo diger\u00ed bastante r\u00e1pido porque asum\u00ed que era parte de nuestra profesi\u00f3n\u00bb, dijo el ex asistente. Mario Rebollo,\u00a0ex asistente de la selecci\u00f3n uruguaya, dialog\u00f3 con\u00a0Usted que Opina\u00a0de Sport 890 y asegur\u00f3 que digiri\u00f3 \u00abbastante r\u00e1pido\u00bb su salida despu\u00e9s de 16 a\u00f1os. \u00abEstoy &hellip;<\/p>\n","protected":false},"author":3,"featured_media":6577,"comment_status":"closed","ping_status":"closed","sticky":false,"template":"","format":"standard","meta":{"footnotes":""},"categories":[12],"tags":[],"class_list":["post-6549","post","type-post","status-publish","format-standard","has-post-thumbnail","hentry","category-deportes"],"_links":{"self":[{"href":"https:\/\/elprofesional.uy\/www\/wp-json\/wp\/v2\/posts\/6549","targetHints":{"allow":["GET"]}}],"collection":[{"href":"https:\/\/elprofesional.uy\/www\/wp-json\/wp\/v2\/posts"}],"about":[{"href":"https:\/\/elprofesional.uy\/www\/wp-json\/wp\/v2\/types\/post"}],"author":[{"embeddable":true,"href":"https:\/\/elprofesional.uy\/www\/wp-json\/wp\/v2\/users\/3"}],"replies":[{"embeddable":true,"href":"https:\/\/elprofesional.uy\/www\/wp-json\/wp\/v2\/comments?post=6549"}],"version-history":[{"count":1,"href":"https:\/\/elprofesional.uy\/www\/wp-json\/wp\/v2\/posts\/6549\/revisions"}],"predecessor-version":[{"id":6553,"href":"https:\/\/elprofesional.uy\/www\/wp-json\/wp\/v2\/posts\/6549\/revisions\/6553"}],"wp:featuredmedia":[{"embeddable":true,"href":"https:\/\/elprofesional.uy\/www\/wp-json\/wp\/v2\/media\/6577"}],"wp:attachment":[{"href":"https:\/\/elprofesional.uy\/www\/wp-json\/wp\/v2\/media?parent=6549"}],"wp:term":[{"taxonomy":"category","embeddable":true,"href":"https:\/\/elprofesional.uy\/www\/wp-json\/wp\/v2\/categories?post=6549"},{"taxonomy":"post_tag","embeddable":true,"href":"https:\/\/elprofesional.uy\/www\/wp-json\/wp\/v2\/tags?post=6549"}],"curies":[{"name":"wp","href":"https:\/\/api.w.org\/{rel}","templated":true}]}}