{"id":31439,"date":"2026-04-29T19:21:03","date_gmt":"2026-04-29T22:21:03","guid":{"rendered":"https:\/\/elprofesional.uy\/www\/?p=31439"},"modified":"2026-04-29T19:21:04","modified_gmt":"2026-04-29T22:21:04","slug":"bien-clarito","status":"publish","type":"post","link":"https:\/\/elprofesional.uy\/www\/archivos\/31439","title":{"rendered":"Bien clarito"},"content":{"rendered":"\n<p><strong>FIFA aprob\u00f3 tarjeta roja por taparse la boca y otra medida como respuesta a Senegal<\/strong><\/p>\n\n\n\n<p>A partir del Mundial expulsar\u00e1n a <strong>\u201ccualquier jugador que se tape la boca en una situaci\u00f3n de enfrentamiento con un adversario\u201d.<\/strong><\/p>\n\n\n\n<p>La International Football Association Board (IFAB), el organismo que establece las reglas de juego del f\u00fatbol, acord\u00f3 por <strong>\u201cunanimidad\u201d<\/strong> en una reuni\u00f3n extraordinaria este martes en Vancouver que se sancionar\u00e1 con tarjeta roja a los jugadores que se tapen la boca \u201cpara ocultar comportamientos discriminatorios\u201d.<br><strong>\u201cA discreci\u00f3n del organizador de la competici\u00f3n, cualquier jugador que se tape la boca en una situaci\u00f3n de enfrentamiento con un adversario podr\u00e1 ser sancionado con una tarjeta roja\u201d,<\/strong> explic\u00f3 la IFAB en un comunicado.<\/p>\n\n\n\n<p>Esta medida entrar\u00e1 en vigor, como anunciaron tanto la IFAB como la FIFA en sendos comunicados, en el Mundial que se disputar\u00e1 en Estados Unidos, M\u00e9xico y Canad\u00e1 a partir del 11 de junio. Igualmente se podr\u00e1 mostrar tarjeta roja a aquellos jugadores que abandonen el terreno de juego <strong>\u201cen se\u00f1al de protesta por una decisi\u00f3n del \u00e1rbitro\u201d,<\/strong> tal como aconteci\u00f3 con el plantel de Senegal en la \u00faltima final de la Copa Africana de Naciones frente a Marruecos.<\/p>\n\n\n\n<p><strong>\u201cA discreci\u00f3n del organizador de la competici\u00f3n, el \u00e1rbitro podr\u00e1 sancionar con tarjeta roja a cualquier jugador que abandone el terreno de juego en se\u00f1al de protesta por una decisi\u00f3n del \u00e1rbitro. Esta nueva norma se aplicar\u00e1 tambi\u00e9n a cualquier miembro del cuerpo t\u00e9cnico que incite a los jugadores a abandonar el terreno de juego\u201d, <\/strong>destaca el comunicado.<\/p>\n\n\n\n<p>Asimismo, se acord\u00f3 que al equipo que <strong>\u201cprovoque la suspensi\u00f3n de un partido\u201d, <\/strong>se le dar\u00e1, en principio,<strong> \u201cla contienda por perdida por incomparecencia\u201d.<\/strong><\/p>\n\n\n\n<p>Estas modificaciones, que se comunicar\u00e1n <strong>\u201cen las pr\u00f3ximas semanas\u201d a <\/strong>los 48 participantes en el Mundial 2026, son el resultado de <strong>\u201cexhaustivas consultas\u201d<\/strong> mantenidas por la FIFA con todos los estamentos del mundo del f\u00fatbol.<\/p>\n","protected":false},"excerpt":{"rendered":"<p>FIFA aprob\u00f3 tarjeta roja por taparse la boca y otra medida como respuesta a Senegal A partir del Mundial expulsar\u00e1n a \u201ccualquier jugador que se tape la boca en una situaci\u00f3n de enfrentamiento con un adversario\u201d. La International Football Association Board (IFAB), el organismo que establece las reglas de juego del f\u00fatbol, acord\u00f3 por \u201cunanimidad\u201d &hellip;<\/p>\n","protected":false},"author":3,"featured_media":31440,"comment_status":"closed","ping_status":"closed","sticky":false,"template":"","format":"standard","meta":{"footnotes":""},"categories":[12],"tags":[],"class_list":["post-31439","post","type-post","status-publish","format-standard","has-post-thumbnail","hentry","category-deportes"],"_links":{"self":[{"href":"https:\/\/elprofesional.uy\/www\/wp-json\/wp\/v2\/posts\/31439","targetHints":{"allow":["GET"]}}],"collection":[{"href":"https:\/\/elprofesional.uy\/www\/wp-json\/wp\/v2\/posts"}],"about":[{"href":"https:\/\/elprofesional.uy\/www\/wp-json\/wp\/v2\/types\/post"}],"author":[{"embeddable":true,"href":"https:\/\/elprofesional.uy\/www\/wp-json\/wp\/v2\/users\/3"}],"replies":[{"embeddable":true,"href":"https:\/\/elprofesional.uy\/www\/wp-json\/wp\/v2\/comments?post=31439"}],"version-history":[{"count":1,"href":"https:\/\/elprofesional.uy\/www\/wp-json\/wp\/v2\/posts\/31439\/revisions"}],"predecessor-version":[{"id":31441,"href":"https:\/\/elprofesional.uy\/www\/wp-json\/wp\/v2\/posts\/31439\/revisions\/31441"}],"wp:featuredmedia":[{"embeddable":true,"href":"https:\/\/elprofesional.uy\/www\/wp-json\/wp\/v2\/media\/31440"}],"wp:attachment":[{"href":"https:\/\/elprofesional.uy\/www\/wp-json\/wp\/v2\/media?parent=31439"}],"wp:term":[{"taxonomy":"category","embeddable":true,"href":"https:\/\/elprofesional.uy\/www\/wp-json\/wp\/v2\/categories?post=31439"},{"taxonomy":"post_tag","embeddable":true,"href":"https:\/\/elprofesional.uy\/www\/wp-json\/wp\/v2\/tags?post=31439"}],"curies":[{"name":"wp","href":"https:\/\/api.w.org\/{rel}","templated":true}]}}