{"id":31436,"date":"2026-04-29T19:20:42","date_gmt":"2026-04-29T22:20:42","guid":{"rendered":"https:\/\/elprofesional.uy\/www\/?p=31436"},"modified":"2026-04-29T19:20:44","modified_gmt":"2026-04-29T22:20:44","slug":"haciendas","status":"publish","type":"post","link":"https:\/\/elprofesional.uy\/www\/archivos\/31436","title":{"rendered":"Haciendas"},"content":{"rendered":"\n<p><strong>La semana tuvo ajustes positivos en todas las categor\u00edas<\/strong><\/p>\n\n\n\n<p>El mercado de ganados gordos cerr\u00f3 la semana con firmeza generalizada y escasa oferta, lo que favoreci\u00f3 ajustes positivos en los valores de vacunos y ovinos.<\/p>\n\n\n\n<p>El \u00faltimo lunes de abril lleg\u00f3 con valores al alza en el mercado de haciendas seg\u00fan los datos difundidos por la Asociaci\u00f3n de Consignatarios de Ganado (ACG).<\/p>\n\n\n\n<p>En la semana 17, del 21 al 27 de abril, el comentario para los vacunos fue que <strong>\u201ccon diferente posicionamiento de valores entre las industrias y escasa oferta, el mercado se mantiene firme\u201d.<\/strong><\/p>\n\n\n\n<p>El&nbsp;novillo gordo, de exportaci\u00f3n, especial, en pie se posicion\u00f3 en US$\u202f3,00 (suba frente a 2,96); a carne, US$\u202f5,45 (suba frente a 5,39).<\/p>\n\n\n\n<p>La&nbsp;vaca gorda, razas de carne especial, en pie, US$\u202f2,63 (suba frente a 2,57); a la carne, US$\u202f5,16 (suba frente a 5,05).<\/p>\n\n\n\n<p>La&nbsp;vaquillona gorda, especial, en pie, US$\u202f2,92 (suba frente a 2,90); a la carne, US$\u202f5,36 (suba frente a 5,32).<\/p>\n\n\n\n<p>La&nbsp;tabla de promedios&nbsp;tiene al&nbsp;novillo&nbsp;gordo pasando de US$\u202f5,34 la semana pasada a US$\u202f5,41.; la&nbsp;vaca&nbsp;gorda subi\u00f3 de US$\u202f4,95 a US$\u202f5,07; y la&nbsp;vaquillona&nbsp;gorda de US$\u202f5,28 a US$\u202f5,30.<\/p>\n\n\n\n<p><strong>OVINOS<\/strong><\/p>\n\n\n\n<p>Comentario de la ACG sobre los ovinos: <strong>\u201cContin\u00faa la buena demanda, escasa oferta y firmeza en los valores\u201d.<\/strong><\/p>\n\n\n\n<p>El&nbsp;cordero&nbsp;se posicion\u00f3 en US$\u202f5,94, con una suba leve respecto a los 5,92 de la semana anterior.<\/p>\n\n\n\n<p>El&nbsp;borrego&nbsp;se mostr\u00f3 estable, sin variaciones en el valor: US$\u202f5,92.<\/p>\n\n\n\n<p>La categor\u00eda de&nbsp;capones&nbsp;subi\u00f3 \u00fanicamente un centavo, a US$\u202f5,01.<\/p>\n\n\n\n<p>Para la&nbsp;oveja, el mercado no tuvo cambios continuando en US$\u202f4,96.<\/p>\n\n\n\n<p><strong>REPOSICI\u00d3N<\/strong><\/p>\n\n\n\n<p>Comentario para la reposici\u00f3n: <strong>\u201cCon buen nivel de oferta y una demanda activa, se mantiene la firmeza en el mercado\u201d.<\/strong><\/p>\n\n\n\n<p>El&nbsp;ternero&nbsp;subi\u00f3 5 centavos a US$ 4,19.<\/p>\n\n\n\n<p>La&nbsp;ternera&nbsp;tuvo un salto de 14 centavos dejando atr\u00e1s los US$ 3,77 de la semana pasada para colocarse en US$ 3,91.<\/p>\n\n\n\n<p>La&nbsp;vaca de invernada&nbsp;fue la de movimientos m\u00e1s moderados (3 centavos) al subir a US$ 2,33.<\/p>\n\n\n\n<p>De lo anterior se desprende que&nbsp;el mercado de ganados gordos cerr\u00f3 la semana con firmeza generalizada y escasa oferta, lo que favoreci\u00f3 ajustes positivos en los valores de vacunos y ovinos. Las industrias mantienen diferencias de posicionamiento, pero&nbsp;la tendencia es de estabilidad con sesgo alcista, especialmente en los lotes de exportaci\u00f3n especial.<\/p>\n\n\n\n<p><strong>DATOS DE LA FAENA<\/strong><\/p>\n\n\n\n<p>En vacunos, el total de la faena en la semana del 19 al 27 de abril fue de 31.252 cabezas&nbsp;(suba frente a 28.945 de la semana anterior).&nbsp;<\/p>\n\n\n\n<p>La composici\u00f3n de la faena fue la siguiente: novillos: 16.003 (51,2%); vacas: 10.299 (33%); vaquillonas: 4.411 (14,1%); terneras: 79 (0,3%); y toros: 460 (1,5%).<\/p>\n\n\n\n<p>El acumulado anual suma 631.739 cabezas, lo que implica una ca\u00edda de 18,2% respecto al mismo per\u00edodo de 2025.<\/p>\n\n\n\n<p>La faena vacuna mostr\u00f3 un repunte semanal importante, liderado por los novillos y las vacas, sin embargo, el acumulado anual confirma una retracci\u00f3n significativa frente al a\u00f1o anterior, reflejando menor oferta y cautela de los productores.&nbsp;<\/p>\n\n\n\n<p>Los ovinos faenados en la semana fueron 4.092 cabezas, lo que representa una fuerte baja frente a 8.471 de la semana anterior.<\/p>\n\n\n\n<p>Los corderos sumaron 1.854 cabezas (45%); las ovejas: 1.655 (40%); borregos faenados fueron 232 (6%); los capones 231 (6%); y los carneros: 120 (3%).<\/p>\n\n\n\n<p>En el a\u00f1o se han faenado 164.315 cabezas, una ca\u00edda del 23,1% respecto al mismo per\u00edodo de 2025.<\/p>\n\n\n\n<p>La faena ovina se redujo a la mitad respecto a la semana anterior, con predominio de corderos y ovejas. El acumulado anual confirma una baja marcada frente al a\u00f1o pasado, evidenciando menor disponibilidad de animales y selectividad de la demanda.<\/p>\n","protected":false},"excerpt":{"rendered":"<p>La semana tuvo ajustes positivos en todas las categor\u00edas El mercado de ganados gordos cerr\u00f3 la semana con firmeza generalizada y escasa oferta, lo que favoreci\u00f3 ajustes positivos en los valores de vacunos y ovinos. El \u00faltimo lunes de abril lleg\u00f3 con valores al alza en el mercado de haciendas seg\u00fan los datos difundidos por &hellip;<\/p>\n","protected":false},"author":3,"featured_media":31437,"comment_status":"closed","ping_status":"closed","sticky":false,"template":"","format":"standard","meta":{"footnotes":""},"categories":[20],"tags":[],"class_list":["post-31436","post","type-post","status-publish","format-standard","has-post-thumbnail","hentry","category-rurales"],"_links":{"self":[{"href":"https:\/\/elprofesional.uy\/www\/wp-json\/wp\/v2\/posts\/31436","targetHints":{"allow":["GET"]}}],"collection":[{"href":"https:\/\/elprofesional.uy\/www\/wp-json\/wp\/v2\/posts"}],"about":[{"href":"https:\/\/elprofesional.uy\/www\/wp-json\/wp\/v2\/types\/post"}],"author":[{"embeddable":true,"href":"https:\/\/elprofesional.uy\/www\/wp-json\/wp\/v2\/users\/3"}],"replies":[{"embeddable":true,"href":"https:\/\/elprofesional.uy\/www\/wp-json\/wp\/v2\/comments?post=31436"}],"version-history":[{"count":1,"href":"https:\/\/elprofesional.uy\/www\/wp-json\/wp\/v2\/posts\/31436\/revisions"}],"predecessor-version":[{"id":31438,"href":"https:\/\/elprofesional.uy\/www\/wp-json\/wp\/v2\/posts\/31436\/revisions\/31438"}],"wp:featuredmedia":[{"embeddable":true,"href":"https:\/\/elprofesional.uy\/www\/wp-json\/wp\/v2\/media\/31437"}],"wp:attachment":[{"href":"https:\/\/elprofesional.uy\/www\/wp-json\/wp\/v2\/media?parent=31436"}],"wp:term":[{"taxonomy":"category","embeddable":true,"href":"https:\/\/elprofesional.uy\/www\/wp-json\/wp\/v2\/categories?post=31436"},{"taxonomy":"post_tag","embeddable":true,"href":"https:\/\/elprofesional.uy\/www\/wp-json\/wp\/v2\/tags?post=31436"}],"curies":[{"name":"wp","href":"https:\/\/api.w.org\/{rel}","templated":true}]}}