{"id":31425,"date":"2026-04-29T19:20:09","date_gmt":"2026-04-29T22:20:09","guid":{"rendered":"https:\/\/elprofesional.uy\/www\/?p=31425"},"modified":"2026-04-29T19:20:10","modified_gmt":"2026-04-29T22:20:10","slug":"vecinos-inquietos-2","status":"publish","type":"post","link":"https:\/\/elprofesional.uy\/www\/archivos\/31425","title":{"rendered":"Vecinos inquietos"},"content":{"rendered":"\n<p><strong>Poda en centro y microcentro, la inquietud fue canalizada a trav\u00e9s del Edil Washington Costa<\/strong><strong><\/strong><\/p>\n\n\n\n<p>A trav\u00e9s de un planteo que tom\u00f3 estado p\u00fablico en la \u00faltima sesi\u00f3n del Plenario de la Junta Departamental, habitantes del centro y microcentro de la ciudad de Melo solicitaron la poda de los \u00e1rboles.<\/p>\n\n\n\n<p>La inquietud fue canalizada a trav\u00e9s de <strong>Washington Costa, <\/strong>Edil de la Bancada del Partido Nacional.<\/p>\n\n\n\n<p><strong>\u201cPlanteamientos que nos han hecho llegar vecinos del microcentro, centros y adyacencias de nuestra ciudad, es que presentamos a las autoridades competentes lo siguiente para su evaluaci\u00f3n y concreci\u00f3n\u201d <\/strong>inici\u00f3 su exposici\u00f3n el Legislador Departamental.<\/p>\n\n\n\n<p><strong>\u201cEsto est\u00e1 relacionado a los \u00e1rboles existentes en nuestras calles. Lleg\u00f3 el oto\u00f1o y es \u00e9poca de la poda del arbolado de nuestras plazas y calles de la ciudad, \u00e1rboles que en su mayor\u00eda son cobijo durante la noche de bandadas de p\u00e1jaros de ba\u00f1ado, es decir los llamados tordos, quienes expanden sus excrementos ensuciando autos, veredas, peatones y a quien cruce por delante de ellos\u201d <\/strong>manifest\u00f3 Washington Costa en otro tramo de su planteo.<\/p>\n\n\n\n<p><strong>\u201cEstos \u00e1rboles, de hojas caducas que al cumplir su ciclo de vida se desprenden formando en nuestras calles y veredas alfombras amarillas que le dan un colorido distintos a nuestra ciudad, pero, estas hojas, van a parar a los desag\u00fces y ca\u00f1er\u00edas de los pluviales de nuestros hogares y calles form\u00e1ndose tapones que obstruyen el fluido normal de las aguas que fluyen por ellos\u201d <\/strong>sostuvo el Edil nacionalista que se hizo eco de esta inquietud de los vecinos habitan el centro y microcentro de la capital de Cerro Largo.<\/p>\n\n\n\n<p><strong>\u201cTambi\u00e9n es de orden manifestar, que esta \u00e9poca es la m\u00e1s conveniente para la poda y limpieza de la maleza del ornato p\u00fablico\u201d <\/strong>consider\u00f3 Costa.<\/p>\n\n\n\n<p><strong>\u201cEs por eso que sugerimos comenzar con esta tarea para que cuando llegue la etapa de brote, en la pr\u00f3xima primavera, los \u00e1rboles se encuentren limpios y libres de maleza\u201d <\/strong>fundament\u00f3.<\/p>\n\n\n\n<p>Washington Costa solicit\u00f3 que su planteamiento fuera elevado al Sr. Intendente Departamental de Cerro Largo, Christian Morel, al Director de Medio Ambiente, Higiene y Servicios del Gobierno de Cerro Largo, Dr. Federico Pica, a la Comisi\u00f3n de Medio Ambiente de la Junta Departamental para su conocimiento y dem\u00e1s efectos, as\u00ed como tambi\u00e9n a los medios de comunicaci\u00f3n en general para su conocimiento y debida difusi\u00f3n.<\/p>\n","protected":false},"excerpt":{"rendered":"<p>Poda en centro y microcentro, la inquietud fue canalizada a trav\u00e9s del Edil Washington Costa A trav\u00e9s de un planteo que tom\u00f3 estado p\u00fablico en la \u00faltima sesi\u00f3n del Plenario de la Junta Departamental, habitantes del centro y microcentro de la ciudad de Melo solicitaron la poda de los \u00e1rboles. La inquietud fue canalizada a &hellip;<\/p>\n","protected":false},"author":3,"featured_media":31434,"comment_status":"closed","ping_status":"closed","sticky":false,"template":"","format":"standard","meta":{"footnotes":""},"categories":[26,18,17,2,31,1,14],"tags":[],"class_list":["post-31425","post","type-post","status-publish","format-standard","has-post-thumbnail","hentry","category-destacadas","category-locales","category-nacionales","category-politica","category-rio-branco","category-sociales","category-tiempo-libre"],"_links":{"self":[{"href":"https:\/\/elprofesional.uy\/www\/wp-json\/wp\/v2\/posts\/31425","targetHints":{"allow":["GET"]}}],"collection":[{"href":"https:\/\/elprofesional.uy\/www\/wp-json\/wp\/v2\/posts"}],"about":[{"href":"https:\/\/elprofesional.uy\/www\/wp-json\/wp\/v2\/types\/post"}],"author":[{"embeddable":true,"href":"https:\/\/elprofesional.uy\/www\/wp-json\/wp\/v2\/users\/3"}],"replies":[{"embeddable":true,"href":"https:\/\/elprofesional.uy\/www\/wp-json\/wp\/v2\/comments?post=31425"}],"version-history":[{"count":1,"href":"https:\/\/elprofesional.uy\/www\/wp-json\/wp\/v2\/posts\/31425\/revisions"}],"predecessor-version":[{"id":31435,"href":"https:\/\/elprofesional.uy\/www\/wp-json\/wp\/v2\/posts\/31425\/revisions\/31435"}],"wp:featuredmedia":[{"embeddable":true,"href":"https:\/\/elprofesional.uy\/www\/wp-json\/wp\/v2\/media\/31434"}],"wp:attachment":[{"href":"https:\/\/elprofesional.uy\/www\/wp-json\/wp\/v2\/media?parent=31425"}],"wp:term":[{"taxonomy":"category","embeddable":true,"href":"https:\/\/elprofesional.uy\/www\/wp-json\/wp\/v2\/categories?post=31425"},{"taxonomy":"post_tag","embeddable":true,"href":"https:\/\/elprofesional.uy\/www\/wp-json\/wp\/v2\/tags?post=31425"}],"curies":[{"name":"wp","href":"https:\/\/api.w.org\/{rel}","templated":true}]}}