{"id":31424,"date":"2026-04-29T19:19:54","date_gmt":"2026-04-29T22:19:54","guid":{"rendered":"https:\/\/elprofesional.uy\/www\/?p=31424"},"modified":"2026-04-29T19:19:55","modified_gmt":"2026-04-29T22:19:55","slug":"seguir-creciendo-3","status":"publish","type":"post","link":"https:\/\/elprofesional.uy\/www\/archivos\/31424","title":{"rendered":"Seguir creciendo"},"content":{"rendered":"\n<p><strong>Hip\u00f3dromo de Melo con 7 carreras el s\u00e1bado 2 de mayo<\/strong><\/p>\n\n\n\n<p>Bajo el Sistema Integrado Nacional del Turf (SINT) este a\u00f1o el Hip\u00f3dromo del Jockey Club de Melo ver\u00e1 incrementada su actividad, en cuanto a cantidad de reuniones, este a\u00f1o 2026.<\/p>\n\n\n\n<p>Por lo pronto, se anuncia, para el s\u00e1bado 2 de mayo, a partir del mediod\u00eda, la realizaci\u00f3n de 7 competencias.<\/p>\n\n\n\n<p><strong>\u201cEstamos en v\u00edsperas de la 6\u00aa Reuni\u00f3n del SINT, ahora el pr\u00f3ximo s\u00e1bado 2 de mayo, mes en el que tenemos doble actividad con una segunda programada para el d\u00eda s\u00e1bado 22\u201d <\/strong>confirm\u00f3 <strong>Jos\u00e9 Ra\u00fal Quintana.<\/strong><\/p>\n\n\n\n<p><strong>\u201cSalieron 7 carreras\u201d <\/strong>anunci\u00f3. <strong>\u201cEstamos teniendo un problema, donde en lo personal pienso que hay responsabilidad de ambas partes, que est\u00e1 vinculado a la sanidad de los caballos\u201d <\/strong>dijo.<\/p>\n\n\n\n<p>En caso de no tener la documentaci\u00f3n sanitaria al d\u00eda, los equinos no pueden participar en las reuniones. Es una situaci\u00f3n que se viene repitiendo, con 12 caballos que quedaron fuera en la anterior y en la prevista para el s\u00e1bado, 8 caballos.<\/p>\n\n\n\n<p><strong>\u201cSon cosas que nos van trancando porque se podr\u00edan sacar dos carreras m\u00e1s\u201d <\/strong>sostuvo.<\/p>\n\n\n\n<p><strong>\u201cEl aspecto positivo es que la actividad del turf se mantiene. Arrancamos este a\u00f1o en el mes de enero, cosa que no era habitual\u201d <\/strong>remarc\u00f3.<\/p>\n\n\n\n<p>Adem\u00e1s, el Presidente del Jockey Club de Melo, destac\u00f3 que este a\u00f1o se realizar\u00e1 16 reuniones, 4 m\u00e1s que en 2025. <strong>\u201cVa aumentando con todo lo que ello conlleva en cuanto a la parte econ\u00f3mica, laboral y de actividad en toda una barriada. Es por eso que me molesto cuando pasan este tipo de cosas\u201d <\/strong>insisti\u00f3 en relaci\u00f3n al tema sanitario de los equinos.<\/p>\n\n\n\n<p><strong>\u201cNo puede pasar porque es gente que est\u00e1 dedicada a eso. Los patrones que invierten en un caballo, que gastan mes a mes, y cuando llega el momento de correr pasa que no tienen sanidad\u201d <\/strong>manifest\u00f3.<\/p>\n\n\n\n<p><strong>\u201cTodos tenemos que cinchar de nuestro lado para que esto siga creciendo. Aparte, est\u00e1 establecido que el m\u00ednimo son 7 carreras y el m\u00e1ximo 8 que podemos hacer por reuni\u00f3n\u201d <\/strong>explic\u00f3.<\/p>\n\n\n\n<p><strong>\u201cS\u00ed no se llega a 7 competencias, no sale la reuni\u00f3n\u201d <\/strong>inform\u00f3. <strong>\u201cEl martes de esta semana hubo que reabrir los llamados, esto quiere decir que se extendi\u00f3 el plazo hasta el d\u00eda siguiente para que se llenen. Finalmente salieron 7, lo justo\u201d <\/strong>expres\u00f3 durante la entrevista en vivo de <strong>EL PROFESIONAL Radio.<\/strong><\/p>\n\n\n\n<p>Record\u00f3 que, en la Fiesta del Turf y el Carnaval, la m\u00e1s grande que se hace en Melo desde 2019, se pueden correr hasta 12 carreras. <strong>\u201cAh\u00ed Casinos pone los premios para 12, para las restantes pone para 8 con un n\u00famero m\u00ednimo de 7\u201d <\/strong>revel\u00f3 Jos\u00e9 Ra\u00fal Quintana.<\/p>\n\n\n\n<p><strong>SE ABREN MUCHAS POSIBILIDADES<\/strong><\/p>\n\n\n\n<p><strong>\u201cLo normal ser\u00eda que se hicieran 8 y lo excepcional que se corriera alguna con 7 competencias\u201d <\/strong>puntualiz\u00f3. <strong>\u201cHay que abrir los ojos porque de all\u00e1 arriba nos est\u00e1n mirando. Hay muchos hip\u00f3dromos en la vuelta, varios que quieren formar parte del SINT porque esto representa un cambio muy grande en el sentido que antes se corr\u00eda por el asado en caso de ganar y ahora hay otras condiciones, posibilidades de ir a correr a Maro\u00f1as, a Las Piedras y a otros Hip\u00f3dromos del Sistema, caso Paysand\u00fa, Florida, Colonia y Rocha\u201d <\/strong>detall\u00f3.<\/p>\n\n\n\n<p>Los hip\u00f3dromos de Salto, San Jos\u00e9, Durazno y Mercedes que est\u00e1n esperando la posibilidad de sumarse.<\/p>\n\n\n\n<p><strong>\u201cHay que ponerle mucha atenci\u00f3n a la actividad porque los \u00fanicos que trabajamos gratis ah\u00ed somos los directivos, cada uno tiene que cuidar lo suyo\u201d <\/strong>se\u00f1al\u00f3.<\/p>\n\n\n\n<p><strong>\u201cEsto de los caballos sin sanidad me molesta realmente cuando hay gente que est\u00e1 para eso. Puede ser que una vez pase, ahora no puede pasar continuamente, consecutivamente. Armar una actividad de este tipo cuesta mucho y hay varios tr\u00e1mites para hacer ante BPS y seguros\u201d <\/strong>manifest\u00f3 Jos\u00e9 Ra\u00fal Quintana, Presidente del Jockey Club de Melo.<\/p>\n","protected":false},"excerpt":{"rendered":"<p>Hip\u00f3dromo de Melo con 7 carreras el s\u00e1bado 2 de mayo Bajo el Sistema Integrado Nacional del Turf (SINT) este a\u00f1o el Hip\u00f3dromo del Jockey Club de Melo ver\u00e1 incrementada su actividad, en cuanto a cantidad de reuniones, este a\u00f1o 2026. Por lo pronto, se anuncia, para el s\u00e1bado 2 de mayo, a partir del &hellip;<\/p>\n","protected":false},"author":3,"featured_media":31432,"comment_status":"closed","ping_status":"closed","sticky":false,"template":"","format":"standard","meta":{"footnotes":""},"categories":[26,18,17,2,31,1,14],"tags":[],"class_list":["post-31424","post","type-post","status-publish","format-standard","has-post-thumbnail","hentry","category-destacadas","category-locales","category-nacionales","category-politica","category-rio-branco","category-sociales","category-tiempo-libre"],"_links":{"self":[{"href":"https:\/\/elprofesional.uy\/www\/wp-json\/wp\/v2\/posts\/31424","targetHints":{"allow":["GET"]}}],"collection":[{"href":"https:\/\/elprofesional.uy\/www\/wp-json\/wp\/v2\/posts"}],"about":[{"href":"https:\/\/elprofesional.uy\/www\/wp-json\/wp\/v2\/types\/post"}],"author":[{"embeddable":true,"href":"https:\/\/elprofesional.uy\/www\/wp-json\/wp\/v2\/users\/3"}],"replies":[{"embeddable":true,"href":"https:\/\/elprofesional.uy\/www\/wp-json\/wp\/v2\/comments?post=31424"}],"version-history":[{"count":1,"href":"https:\/\/elprofesional.uy\/www\/wp-json\/wp\/v2\/posts\/31424\/revisions"}],"predecessor-version":[{"id":31433,"href":"https:\/\/elprofesional.uy\/www\/wp-json\/wp\/v2\/posts\/31424\/revisions\/31433"}],"wp:featuredmedia":[{"embeddable":true,"href":"https:\/\/elprofesional.uy\/www\/wp-json\/wp\/v2\/media\/31432"}],"wp:attachment":[{"href":"https:\/\/elprofesional.uy\/www\/wp-json\/wp\/v2\/media?parent=31424"}],"wp:term":[{"taxonomy":"category","embeddable":true,"href":"https:\/\/elprofesional.uy\/www\/wp-json\/wp\/v2\/categories?post=31424"},{"taxonomy":"post_tag","embeddable":true,"href":"https:\/\/elprofesional.uy\/www\/wp-json\/wp\/v2\/tags?post=31424"}],"curies":[{"name":"wp","href":"https:\/\/api.w.org\/{rel}","templated":true}]}}