{"id":31422,"date":"2026-04-29T19:19:11","date_gmt":"2026-04-29T22:19:11","guid":{"rendered":"https:\/\/elprofesional.uy\/www\/?p=31422"},"modified":"2026-04-29T19:19:13","modified_gmt":"2026-04-29T22:19:13","slug":"dura-lucha","status":"publish","type":"post","link":"https:\/\/elprofesional.uy\/www\/archivos\/31422","title":{"rendered":"Dura lucha"},"content":{"rendered":"\n<p><strong>Centro Comercial con expectativas descuento del IMESI a las naftas<\/strong><strong><\/strong><\/p>\n\n\n\n<p>Una de las medidas de protecci\u00f3n a los comercios de frontera m\u00e1s esperadas y por las que m\u00e1s se luch\u00f3 desde la gremial, entrar\u00e1 en vigencia ma\u00f1ana viernes 1 de mayo.<\/p>\n\n\n\n<p>S\u00ed bien no es en el porcentaje que se pretend\u00eda, en el Centro Comercial hay expectativa por el efecto que causar\u00e1 en Melo el descuento del IMESI a las naftas mediante pago por medios electr\u00f3nicos.<\/p>\n\n\n\n<p><strong>\u201cEs un momento de mucha satisfacci\u00f3n porque ha sido una lucha de casi 15 a\u00f1os de trabajar en eso y no poder conquistar algunas medidas para el tema del combustible, un rubro en el que hay mucha diferencia con Brasil\u201d <\/strong>expres\u00f3 <strong>Andr\u00e9s Mart\u00ednez.<\/strong><\/p>\n\n\n\n<p><strong>\u201cEsto fue entendido por el Ministerio de Econom\u00eda. Tuvimos varias charlas antes, contactos, idas a la Comisi\u00f3n de Hacienda de la C\u00e1mara de Diputados. Ahora estamos muy contentos porque s\u00ed bien noes lo que pretend\u00edamos que era la paridad, s\u00ed se logr\u00f3 un descuento de un 14% con la posibilidad de que s\u00ed se agranda la franja poder subir ese monto y adecuarlo a la situaci\u00f3n moment\u00e1nea que tenga la frontera en ese momento\u201d <\/strong>ampli\u00f3 el Presidente del Centro Comercial e Industrial de Cerro Largo.<\/p>\n\n\n\n<p><strong>\u201cS\u00ed bien cost\u00f3 mucho esto, tuvieron que venir los t\u00e9cnicos al departamento a constatar la realidad, ahora se tom\u00f3 la resoluci\u00f3n\u201d <\/strong>coment\u00f3 a <strong>EL PROFESIONAL Diario.<\/strong><\/p>\n\n\n\n<p><strong>\u201cEstamos esperando con expectativa esto porque creemos que fundamentalmente la medida defiende las fuentes laborales del departamento\u201d <\/strong>remarc\u00f3. <strong>\u201cEso es muy importante\u201d <\/strong>acot\u00f3.<\/p>\n\n\n\n<p><strong>DESESTIMULAR LOS VIAJES A LA FRONTERA<\/strong><\/p>\n\n\n\n<p><strong>\u201cNosotros siempre apuntamos al tema del combustible para desestimular los viajes a la frontera, principalmente de una masa importante de la poblaci\u00f3n\u201d <\/strong>sostuvo. <strong>\u201cLa idea es que la gente no tenga necesidad de poner combustible de otro pa\u00eds\u201d <\/strong>dijo Mart\u00ednez.<\/p>\n\n\n\n<p>Medidas de este tipo favorecen las ventas del comercio en general, de todos los rubros, no solamente a las Estaciones de Servicio. <strong>\u201cEl objetivo es desestimular los viajes y que la gente consuma m\u00e1s en el medio local\u201d <\/strong>insisti\u00f3.<\/p>\n\n\n\n<p><strong>DESCUENTOS EN PRODUCTOS DE LA CANASTA B\u00c1SICA<\/strong><\/p>\n\n\n\n<p><strong>\u201cEstamos con otras medidas, que junto con esta del combustible, que puedan contribuir a un aumento de las ventas\u201d <\/strong>se\u00f1al\u00f3 el Presidente de la gremial de comerciantes de Cerro Largo. <strong>\u201cEn ese caso s\u00ed fue impuesta por el Ministerio de Econom\u00eda y consiste en una canasta de alimentos y art\u00edculos de la higiene personal\u201d <\/strong>record\u00f3.<\/p>\n\n\n\n<p><strong>\u201cEn una primera instancia el tema de la canasta no tuvo el resultado esperado\u201d <\/strong>asegur\u00f3. <strong>\u201cSe est\u00e1 trabajando en una nueva canasta que esperemos que s\u00ed tenga efectos positivos, m\u00e1s all\u00e1 que nosotros no vemos eso con buenos ojos. Preferimos que se les otorguen a las industrias nacionales los descuentos\u201d <\/strong>propuso.<\/p>\n\n\n\n<p><strong>\u201cEs lo que ha armado el Ministerio y trataremos de seguir trabajando en eso para que los productos puedan tener un descuento, as\u00ed sea menor, ac\u00e1 en la regi\u00f3n\u201d <\/strong>expres\u00f3 Andr\u00e9s Mart\u00ednez.<\/p>\n\n\n\n<p><strong>\u201cLo importante ac\u00e1 es que el Ministerio de Econom\u00eda y Finanzas nos ha escuchado en varias oportunidades por parte del propio Ministro y del Subsecretario, todos preocupados por el tema\u201d <\/strong>resalt\u00f3.<\/p>\n\n\n\n<p><strong>EN ETAPA DE ELABORACI\u00d3N UN TRABAJO DE RELEVAMIENTO<\/strong><\/p>\n\n\n\n<p><strong>\u201cNosotros hicimos un informe, ahora estamos en etapa de elaboraci\u00f3n de otro informe porque estos temas se manejan as\u00ed, no es que vamos y conversamos y decimos de boca que falta esto o aquello. Hay que presentar trabajos que reflejen la realidad, con n\u00fameros y con fundamentaciones\u201d <\/strong>cont\u00f3.<\/p>\n\n\n\n<p><strong>\u201cSe est\u00e1 haciendo un nuevo trabajo acerca de la situaci\u00f3n actual del departamento, trabajo que se hace a trav\u00e9s de un convenio que firmamos con el Ministerio de Industria. Eso est\u00e1 en proceso y esperamos que nos aporte otras armas para resolver algunas otras problem\u00e1ticas que tenemos en el comercio\u201d <\/strong>cerr\u00f3 el Presidente del Centro Comercial e Industrial de Cerro Largo.<\/p>\n","protected":false},"excerpt":{"rendered":"<p>Centro Comercial con expectativas descuento del IMESI a las naftas Una de las medidas de protecci\u00f3n a los comercios de frontera m\u00e1s esperadas y por las que m\u00e1s se luch\u00f3 desde la gremial, entrar\u00e1 en vigencia ma\u00f1ana viernes 1 de mayo. S\u00ed bien no es en el porcentaje que se pretend\u00eda, en el Centro Comercial &hellip;<\/p>\n","protected":false},"author":3,"featured_media":31428,"comment_status":"closed","ping_status":"closed","sticky":false,"template":"","format":"standard","meta":{"footnotes":""},"categories":[26,18,17,2,31,1,14],"tags":[],"class_list":["post-31422","post","type-post","status-publish","format-standard","has-post-thumbnail","hentry","category-destacadas","category-locales","category-nacionales","category-politica","category-rio-branco","category-sociales","category-tiempo-libre"],"_links":{"self":[{"href":"https:\/\/elprofesional.uy\/www\/wp-json\/wp\/v2\/posts\/31422","targetHints":{"allow":["GET"]}}],"collection":[{"href":"https:\/\/elprofesional.uy\/www\/wp-json\/wp\/v2\/posts"}],"about":[{"href":"https:\/\/elprofesional.uy\/www\/wp-json\/wp\/v2\/types\/post"}],"author":[{"embeddable":true,"href":"https:\/\/elprofesional.uy\/www\/wp-json\/wp\/v2\/users\/3"}],"replies":[{"embeddable":true,"href":"https:\/\/elprofesional.uy\/www\/wp-json\/wp\/v2\/comments?post=31422"}],"version-history":[{"count":1,"href":"https:\/\/elprofesional.uy\/www\/wp-json\/wp\/v2\/posts\/31422\/revisions"}],"predecessor-version":[{"id":31429,"href":"https:\/\/elprofesional.uy\/www\/wp-json\/wp\/v2\/posts\/31422\/revisions\/31429"}],"wp:featuredmedia":[{"embeddable":true,"href":"https:\/\/elprofesional.uy\/www\/wp-json\/wp\/v2\/media\/31428"}],"wp:attachment":[{"href":"https:\/\/elprofesional.uy\/www\/wp-json\/wp\/v2\/media?parent=31422"}],"wp:term":[{"taxonomy":"category","embeddable":true,"href":"https:\/\/elprofesional.uy\/www\/wp-json\/wp\/v2\/categories?post=31422"},{"taxonomy":"post_tag","embeddable":true,"href":"https:\/\/elprofesional.uy\/www\/wp-json\/wp\/v2\/tags?post=31422"}],"curies":[{"name":"wp","href":"https:\/\/api.w.org\/{rel}","templated":true}]}}