{"id":31421,"date":"2026-04-29T19:18:51","date_gmt":"2026-04-29T22:18:51","guid":{"rendered":"https:\/\/elprofesional.uy\/www\/?p=31421"},"modified":"2026-04-29T19:18:53","modified_gmt":"2026-04-29T22:18:53","slug":"conmemoracion","status":"publish","type":"post","link":"https:\/\/elprofesional.uy\/www\/archivos\/31421","title":{"rendered":"Conmemoraci\u00f3n"},"content":{"rendered":"\n<p><strong>Acto del \u201cD\u00eda de los Trabajadores\u201d se realizar\u00e1 en la Plaza de la Concordia<\/strong><\/p>\n\n\n\n<p>Este a\u00f1o, el tradicional acto por el D\u00eda Internacional de los Trabajadores, cambiar\u00e1 de locaci\u00f3n.<\/p>\n\n\n\n<p>El espect\u00e1culo art\u00edstico y la lectura de las proclamas de los diferentes sindicatos se har\u00e1 en esta oportunidad en la Plaza de la Concordia, ma\u00f1ana viernes 1 de mayo, con concentraci\u00f3n prevista para la hora 10.<\/p>\n\n\n\n<p><strong>\u201cEstamos haciendo la invitaci\u00f3n a la participaci\u00f3n en un 1 de mayo nuevamente donde nos vamos a reunir, donde realizaremos all\u00ed nuestra proclama compartiendo con todos, la plataforma reivindicativa. Lo m\u00e1s importante es la conmemoraci\u00f3n de un hito hist\u00f3rico que todos los a\u00f1os se lleva adelante en los 19 departamentos del Uruguay\u201d <\/strong>manifest\u00f3 <strong>Walter Molina.<\/strong><\/p>\n\n\n\n<p>Aparte de la oratoria, tambi\u00e9n habr\u00e1 un espect\u00e1culo art\u00edstico y una porotada a beneficio de la Huerta Org\u00e1nica Caranda\u00ed que est\u00e1 ubicada en el Vivero Municipal.<\/p>\n\n\n\n<p><strong>\u201cLa idea es concentrarnos a partir de las 10 de la ma\u00f1ana, dar lectura a las proclamas con actuaciones art\u00edsticas en la apertura y el cierre del acto que estar\u00e1n a cargo de Patricia Robaina y de el popular Mindoca P\u00edrez\u201d <\/strong>adelant\u00f3 <strong>Eduardo Haubman.<\/strong><\/p>\n\n\n\n<p><strong>60 A\u00d1OS DE LA UNIFICACI\u00d3N<\/strong><\/p>\n\n\n\n<p>Molina dijo que, a nivel nacional, parte de la consigna est\u00e1 vinculada a los 60 a\u00f1os de la unidad de sindical. <strong>\u201cEsa evoluci\u00f3n hist\u00f3rica de nuestra CNT que desde el a\u00f1o 1966 viene llevando adelante luchas sindicales, pero en forma unificada\u201d <\/strong>destac\u00f3.<\/p>\n\n\n\n<p><strong>\u201cNo es muy com\u00fan a nivel mundial y tampoco a nivel regional. Tenemos a nuestros pa\u00edses vecinos con muchas centrales sindicales que est\u00e1n todas fragmentadas y divididas. Nosotros en particular tenemos esta Central Nacional de Trabajadores unida y justamente este a\u00f1o se est\u00e1 cumpliendo el 60\u00b0 aniversario de esa unificaci\u00f3n hist\u00f3rica\u201d <\/strong>record\u00f3.<\/p>\n\n\n\n<p><strong>REIVINDICACIONES LOCALES<\/strong><\/p>\n\n\n\n<p><strong>\u201cEn momentos que se conocieron nuevos indicadores a trav\u00e9s de la encuesta nacional del INE, donde m\u00e1s all\u00e1 de la preocupaci\u00f3n a nivel pa\u00eds acerca del desempleo y la informalidad, Cerro Largo siempre termina sobresaliendo en esas cuestiones\u201d <\/strong>sostuvo.<\/p>\n\n\n\n<p>En el Plenario Intersindical de Trabajadores hay preocupaci\u00f3n tambi\u00e9n por la cantidad de personas que se encuentran por debajo de la l\u00ednea de pobreza, puntualmente afectando de manera m\u00e1s dura a los ni\u00f1os y ni\u00f1as que se encuentran por debajo de los 6 a\u00f1os de edad.<\/p>\n\n\n\n<p><strong>\u201cSe trata de las pr\u00f3ximas generaciones, las que nos suceder\u00e1n\u201d <\/strong>dijo el dirigente sindical.<\/p>\n\n\n\n<p><strong>\u201cEn la plataforma del PIT CNT se encuentran una serie de elementos que se est\u00e1n tratando de incluir en la agenda pol\u00edtica nacional de d\u00f3nde se pueden construir y estructurar determinadas medidas en las que se puede atacar la pobreza y espec\u00edficamente la pobreza infantil\u201d <\/strong>expres\u00f3 Walter Molina.<\/p>\n\n\n\n<p><strong>\u201cSiempre est\u00e1 vigente el tema de c\u00f3mo generar m\u00e1s empleo, pero empleo digno. Una cosa tiene que venir de la mano de la otra\u201d <\/strong>subray\u00f3.<\/p>\n\n\n\n<p><strong>\u201cDentro de los tres principales pilares reivindicativos est\u00e1 el 1% de una tasa de impuesto, que no es nueva, para el 1% m\u00e1s rico del pa\u00eds, est\u00e1 la reforma de la seguridad social que est\u00e1 en plena vigencia en este momento y, otro de los elementos que parte de los sindicatos de la ense\u00f1anza, es el 4\u00b0 Congreso Nacional de Educaci\u00f3n denominado Misiones Pedag\u00f3gicas que est\u00e1 tomando fuerza a nivel nacional\u201d <\/strong>manifest\u00f3.<\/p>\n\n\n\n<p>En el final de la entrevista con <strong>EL PROFESIONAL Diario, <\/strong>Eduardo Haubman reiter\u00f3 la invitaci\u00f3n a toda la poblaci\u00f3n a hacerse presente ma\u00f1ana viernes 1 de mayo en la Plaza de la Concordia para celebrar el D\u00eda Internacional de los Trabajadores en Cerro Largo.<\/p>\n","protected":false},"excerpt":{"rendered":"<p>Acto del \u201cD\u00eda de los Trabajadores\u201d se realizar\u00e1 en la Plaza de la Concordia Este a\u00f1o, el tradicional acto por el D\u00eda Internacional de los Trabajadores, cambiar\u00e1 de locaci\u00f3n. El espect\u00e1culo art\u00edstico y la lectura de las proclamas de los diferentes sindicatos se har\u00e1 en esta oportunidad en la Plaza de la Concordia, ma\u00f1ana viernes &hellip;<\/p>\n","protected":false},"author":3,"featured_media":31426,"comment_status":"closed","ping_status":"closed","sticky":false,"template":"","format":"standard","meta":{"footnotes":""},"categories":[26,18,17,2,31,1,14],"tags":[],"class_list":["post-31421","post","type-post","status-publish","format-standard","has-post-thumbnail","hentry","category-destacadas","category-locales","category-nacionales","category-politica","category-rio-branco","category-sociales","category-tiempo-libre"],"_links":{"self":[{"href":"https:\/\/elprofesional.uy\/www\/wp-json\/wp\/v2\/posts\/31421","targetHints":{"allow":["GET"]}}],"collection":[{"href":"https:\/\/elprofesional.uy\/www\/wp-json\/wp\/v2\/posts"}],"about":[{"href":"https:\/\/elprofesional.uy\/www\/wp-json\/wp\/v2\/types\/post"}],"author":[{"embeddable":true,"href":"https:\/\/elprofesional.uy\/www\/wp-json\/wp\/v2\/users\/3"}],"replies":[{"embeddable":true,"href":"https:\/\/elprofesional.uy\/www\/wp-json\/wp\/v2\/comments?post=31421"}],"version-history":[{"count":1,"href":"https:\/\/elprofesional.uy\/www\/wp-json\/wp\/v2\/posts\/31421\/revisions"}],"predecessor-version":[{"id":31427,"href":"https:\/\/elprofesional.uy\/www\/wp-json\/wp\/v2\/posts\/31421\/revisions\/31427"}],"wp:featuredmedia":[{"embeddable":true,"href":"https:\/\/elprofesional.uy\/www\/wp-json\/wp\/v2\/media\/31426"}],"wp:attachment":[{"href":"https:\/\/elprofesional.uy\/www\/wp-json\/wp\/v2\/media?parent=31421"}],"wp:term":[{"taxonomy":"category","embeddable":true,"href":"https:\/\/elprofesional.uy\/www\/wp-json\/wp\/v2\/categories?post=31421"},{"taxonomy":"post_tag","embeddable":true,"href":"https:\/\/elprofesional.uy\/www\/wp-json\/wp\/v2\/tags?post=31421"}],"curies":[{"name":"wp","href":"https:\/\/api.w.org\/{rel}","templated":true}]}}