{"id":31403,"date":"2026-04-28T19:17:14","date_gmt":"2026-04-28T22:17:14","guid":{"rendered":"https:\/\/elprofesional.uy\/www\/?p=31403"},"modified":"2026-04-28T19:17:15","modified_gmt":"2026-04-28T22:17:15","slug":"vivir-sin-violencia","status":"publish","type":"post","link":"https:\/\/elprofesional.uy\/www\/archivos\/31403","title":{"rendered":"Vivir sin violencia"},"content":{"rendered":"\n<p><strong>&nbsp;Un derecho fundamental, desde INAU lo definen como una responsabilidad colectiva<\/strong><\/p>\n\n\n\n<p>El pasado s\u00e1bado 25 de abril se conmemor\u00f3 el D\u00eda Internacional contra el maltrato y abuso sexual de ni\u00f1os, ni\u00f1as y adolescentes.<\/p>\n\n\n\n<p>Desde el Instituto del Ni\u00f1o y Adolescente del Uruguay se reafirma el mensaje de que vivir sin violencia es un derecho fundamental y, al mismo tiempo, una responsabilidad colectiva.<\/p>\n\n\n\n<p>La Directora Departamental de INAU comparte este compromiso, destacando la importancia de proteger, escuchar y acompa\u00f1ar a ni\u00f1os, ni\u00f1as y adolescentes, promoviendo entornos seguros donde sus derechos sean plenamente respetados.<\/p>\n\n\n\n<p>Prevenir, detectar y actuar frente a cualquier forma de abuso no es solo tarea de las instituciones, sino de la sociedad en su conjunto.<\/p>\n\n\n\n<p><strong>\u201cLa lucha contra la violencia es una l\u00ednea de trabajo fuerte que viene llevando adelante el INAU desde hace muchos a\u00f1os, pero que contin\u00faa muy vigente y con mucha necesidad de reforzar esas pol\u00edticas p\u00fablicas de combate a la violencia\u201d <\/strong>sostuvo la <strong>Licenciada Yandira \u00c1lvarez.<\/strong><\/p>\n\n\n\n<p>Record\u00f3 que, en Cerro Largo, como en el resto del pa\u00eds, funciona el Sistema Integral de Protecci\u00f3n a la Infancia contra la Violencia, un espacio de articulaci\u00f3n interinstitucional que se estableci\u00f3 por Ley en el a\u00f1o 2019.<\/p>\n\n\n\n<p><strong>\u201cEl SIPIAV est\u00e1 llamado a pensar estrategias de abordaje contra las distintas formas de violencia hacia ni\u00f1os, ni\u00f1as y adolescentes\u201d <\/strong>inform\u00f3.<\/p>\n\n\n\n<p><strong>UNA CUESTI\u00d3N MULTIFACTORIAL<\/strong><\/p>\n\n\n\n<p>A pesar de los esfuerzos que desde el Estado se realizan, se mantiene una tendencia al alza en los indicadores de violencia. En ese sentido, la Directora Departamental de INAU considera que esto se debe a m\u00faltiples factores. <strong>\u201cTiene que con una cultura adultoc\u00e9ntrica que est\u00e1 muy presente en toda la sociedad. Hay un mont\u00f3n de lo que llamamos micro abusos o peque\u00f1as acciones pr\u00e1cticas de crianza, de pr\u00e1cticas de convivencia comunitaria que no ponen a la ni\u00f1a y al ni\u00f1o en el centro, que muchas veces vamos minimizando y naturalizando\u201d.<\/strong><\/p>\n\n\n\n<p>Dijo que muchas veces la sociedad despierta con casos que causan conmoci\u00f3n p\u00fablica como el de Jonathan. <strong>\u201cCuando ocurren estas cosas y salen a la luz, nos preguntamos qu\u00e9 es lo que estuvimos haciendo como sociedad todos estos a\u00f1os que no lo vimos a este adolescente\u201d <\/strong>interpel\u00f3.<\/p>\n\n\n\n<p>Yandira \u00c1lvarez expres\u00f3 que resulta fundamental promover actividades de prevenci\u00f3n y trabajo con las familias y la poblaci\u00f3n en general. <strong>\u201cMuchas veces lamentablemente llegamos tarde\u201d <\/strong>sintetiz\u00f3. <strong>\u201cHay que atender las violencias, proteger las infancias, pero tambi\u00e9n trabajar con la comunidad en este sentido\u201d <\/strong>manifest\u00f3 a <strong>EL PROFESIONAL Diario.<\/strong><\/p>\n\n\n\n<p><strong>SITUACIONES DENTRO DEL HOGAR<\/strong><\/p>\n\n\n\n<p><strong>\u201cUno de los elementos fundamentales o de los factores determinantes de la violencia hacia ni\u00f1os, ni\u00f1as y adolescentes, en un alto porcentaje, es que ocurre dentro de las 4 paredes del hogar\u201d <\/strong>afirm\u00f3. <strong>\u201cSon violencias que se expresan en el ambiente privado. M\u00e1s all\u00e1 de eso, hay indicadores que pueden identificarse en los centros de estudio, en los centros de salud, que tambi\u00e9n son parte del Estado y que no es solamente INAU\u201d <\/strong>precis\u00f3. <strong>\u201cS\u00ed bien el Instituto es el rector de esas pol\u00edticas y tiene un rol y una responsabilidad importante, es un trabajo que se debe abordar interinstitucionalmente\u201d <\/strong>enfatiz\u00f3.<\/p>\n\n\n\n<p>La Directora de INAU en Cerro Largo sostuvo que tanto la prevenci\u00f3n como el abordaje cuando ya est\u00e1 identificado o instalado el hecho de violencia, es tarea de todo el Estado y tambi\u00e9n de la sociedad. <strong>\u201cAdentro de cada casa no estar\u00e1 nadie controlando, pero s\u00ed est\u00e1n los vecinos, las propias familias y el resto de la comunidad que deben estar, no necesariamente para denunciar, no necesariamente para cuestionar, sino tambi\u00e9n para poder apoyar\u201d <\/strong>remarc\u00f3.<\/p>\n\n\n\n<p><strong>EL TRABAJO DEBE SER INTERINSTITUCIONAL<\/strong><\/p>\n\n\n\n<p><strong>\u201cEl tema es complejo, pero lo importante ac\u00e1 es saber que es de m\u00faltiples miradas y que existe la necesidad de desarrollar un trabajo articulado, conjunto, para poder erradicar la violencia\u201d <\/strong>opin\u00f3 la Licenciada \u00c1lvarez.<\/p>\n\n\n\n<p>Precis\u00f3 que INAU es un sistema que va m\u00e1s all\u00e1 de los centros de gesti\u00f3n directa. <strong>\u201cHay toda una red de convenios\u201d <\/strong>record\u00f3. <strong>\u201cCerro Largo es uno de los departamentos donde tenemos un n\u00famero mayor de convenios para llevar adelante distintas estrategias de abordaje, como son los CAIF, los Clubes de Ni\u00f1os y los Centros Juveniles\u201d <\/strong>detall\u00f3.<\/p>\n\n\n\n<p>Esta red trabaja, sobre todo, en la prevenci\u00f3n y la detecci\u00f3n de las situaciones de violencia. <strong>\u201cCuando se detecta una situaci\u00f3n en uno de estos dispositivos, ah\u00ed s\u00ed es muy importante que los Equipos sepan a d\u00f3nde acudir. En ese punto los Comit\u00e9 de Recepci\u00f3n del SIPIAV, que ac\u00e1 tenemos funcionando uno en Melo y otro en R\u00edo Branco, son espacios fundamentales para que los Equipos acudan y puedan hacer los planteos para el pienso compartido\u201d <\/strong>subray\u00f3.<\/p>\n\n\n\n<p><strong>\u201cMuchas veces las estrategias y las respuestas no son siempre las mismas, no siempre amerita una denuncia, eso va a depender, es caso a caso y es una necesidad de pensar las estrategias de prevenci\u00f3n con algo que es muy importante tener en cuenta que es no revictimizar\u201d <\/strong>dijo. <strong>\u201cA veces esa necesidad de poder dar una respuesta, desde la mejor intenci\u00f3n, termina revictimizando\u201d <\/strong>cerr\u00f3 la Directora Departamental de INAU, Licenciada Yandira \u00c1lvarez.<\/p>\n","protected":false},"excerpt":{"rendered":"<p>&nbsp;Un derecho fundamental, desde INAU lo definen como una responsabilidad colectiva El pasado s\u00e1bado 25 de abril se conmemor\u00f3 el D\u00eda Internacional contra el maltrato y abuso sexual de ni\u00f1os, ni\u00f1as y adolescentes. Desde el Instituto del Ni\u00f1o y Adolescente del Uruguay se reafirma el mensaje de que vivir sin violencia es un derecho fundamental &hellip;<\/p>\n","protected":false},"author":3,"featured_media":31414,"comment_status":"closed","ping_status":"closed","sticky":false,"template":"","format":"standard","meta":{"footnotes":""},"categories":[26,18,17,2,31,1,14],"tags":[],"class_list":["post-31403","post","type-post","status-publish","format-standard","has-post-thumbnail","hentry","category-destacadas","category-locales","category-nacionales","category-politica","category-rio-branco","category-sociales","category-tiempo-libre"],"_links":{"self":[{"href":"https:\/\/elprofesional.uy\/www\/wp-json\/wp\/v2\/posts\/31403","targetHints":{"allow":["GET"]}}],"collection":[{"href":"https:\/\/elprofesional.uy\/www\/wp-json\/wp\/v2\/posts"}],"about":[{"href":"https:\/\/elprofesional.uy\/www\/wp-json\/wp\/v2\/types\/post"}],"author":[{"embeddable":true,"href":"https:\/\/elprofesional.uy\/www\/wp-json\/wp\/v2\/users\/3"}],"replies":[{"embeddable":true,"href":"https:\/\/elprofesional.uy\/www\/wp-json\/wp\/v2\/comments?post=31403"}],"version-history":[{"count":1,"href":"https:\/\/elprofesional.uy\/www\/wp-json\/wp\/v2\/posts\/31403\/revisions"}],"predecessor-version":[{"id":31415,"href":"https:\/\/elprofesional.uy\/www\/wp-json\/wp\/v2\/posts\/31403\/revisions\/31415"}],"wp:featuredmedia":[{"embeddable":true,"href":"https:\/\/elprofesional.uy\/www\/wp-json\/wp\/v2\/media\/31414"}],"wp:attachment":[{"href":"https:\/\/elprofesional.uy\/www\/wp-json\/wp\/v2\/media?parent=31403"}],"wp:term":[{"taxonomy":"category","embeddable":true,"href":"https:\/\/elprofesional.uy\/www\/wp-json\/wp\/v2\/categories?post=31403"},{"taxonomy":"post_tag","embeddable":true,"href":"https:\/\/elprofesional.uy\/www\/wp-json\/wp\/v2\/tags?post=31403"}],"curies":[{"name":"wp","href":"https:\/\/api.w.org\/{rel}","templated":true}]}}