{"id":31402,"date":"2026-04-28T19:16:59","date_gmt":"2026-04-28T22:16:59","guid":{"rendered":"https:\/\/elprofesional.uy\/www\/?p=31402"},"modified":"2026-04-28T19:16:59","modified_gmt":"2026-04-28T22:16:59","slug":"trabajo-conjunto-3","status":"publish","type":"post","link":"https:\/\/elprofesional.uy\/www\/archivos\/31402","title":{"rendered":"Trabajo conjunto"},"content":{"rendered":"\n<p><strong>Se inaugur\u00f3 con presencia de autoridades alcantarilla Ca\u00f1ada de la Arena<\/strong><strong><\/strong><\/p>\n\n\n\n<p><strong>&nbsp;<\/strong>El costo total de la obra super\u00f3 los 12 Millones de Pesos que fueron financiados por el Fondo de Desarrollo del Interior -$ 10.679.116- y por la Intendencia de Cerro Largo -$ 1.884.549- y representa un gran avance para los vecinos de la zona.<\/p>\n\n\n\n<p>La Alcantarilla de Ca\u00f1ada de la Arena fue inaugurada a comienzos de semana con presencia de autoridades departamentales y nacionales.<\/p>\n\n\n\n<p><strong>\u201cEsta obra forma parte de una intervenci\u00f3n mucho mayor que vamos a llevar adelante en conjunto con la Intendencia de Cerro Largo\u201d <\/strong>comenz\u00f3 diciendo <strong>Jos\u00e9 Manuel Arena.<\/strong><\/p>\n\n\n\n<p>Agreg\u00f3 que tanto la Oficina de Planeamiento y Presupuesto como el Gobierno Departamental est\u00e1n llevando adelante un trabajo conjunto para la ejecuci\u00f3n de distintas obras que beneficiar\u00e1n a importantes sectores de la poblaci\u00f3n.<\/p>\n\n\n\n<p><strong>\u201cEste tipo de intervenciones tienen especial significaci\u00f3n para nosotros, especial significaci\u00f3n porque son inversiones financiadas conjuntamente entre el Gobierno Nacional y las Intendencias Departamentales que aportan a elementos que son tan sustantivos para la matriz productiva uruguaya\u201d <\/strong>resalt\u00f3 el Director de Descentralizaci\u00f3n de la OPP.<\/p>\n\n\n\n<p><strong>\u201cEn este caso en particular, estamos hablando de una intervenci\u00f3n en una ruta de tanta relevancia para la caminer\u00eda rural en el Uruguay que une la Ruta 44 con la Colonia Wilson Ferreira\u201d <\/strong>manifest\u00f3. <strong>\u201cSe trata de una Colonia que tiene un origen y una matriz productiva vinculada a la lecher\u00eda en el Uruguay. Eso para las personas como yo, que somos de Colonia, de San Jos\u00e9 o de Soriano, que sabemos de la importancia que tiene este sector para la producci\u00f3n nacional, y como ha formado parte tambi\u00e9n de una rica experiencia y tradici\u00f3n del Instituto Nacional de Colonizaci\u00f3n\u201d <\/strong>ampli\u00f3.<\/p>\n\n\n\n<p><strong>\u201cLa Intendencia de Cerro Largo promovi\u00f3 el a\u00f1o pasado, en conjunto con el Instituto Nacional de Colonizaci\u00f3n, un proyecto de fondo concursable que financiamos desde el Gobierno Nacional que va a provocar una inversi\u00f3n sustantiva de m\u00e1s de USD 1.000.000, determinando una inversi\u00f3n de gran relevancia en este camino a la Colonia Wilson, trayendo mejoras sustanciales en la calidad de este camino lo que va a redundar en grandes beneficios y ventajas especialmente para los vecinos de este camino y para los productores rurales que por ac\u00e1 transitan diariamente\u201d <\/strong>remarc\u00f3 Jos\u00e9 Manuel Arena.<\/p>\n\n\n\n<p><strong>CUMPLIR CON EL INTERIOR DEL PA\u00cdS<\/strong><\/p>\n\n\n\n<p><strong>\u201cNuestro compromiso, desde la Oficina de Planeamiento y Presupuesto y especialmente el que asumimos con el Presidente de la Rep\u00fablica, Profesor Yamand\u00fa Orsi, el a\u00f1o pasado, es salir al encuentro de todos los territorios, particularmente los vinculados al interior del pa\u00eds, para provocar mejores inversiones, m\u00e1s obras y m\u00e1s servicios\u201d <\/strong>record\u00f3.<\/p>\n\n\n\n<p><strong>\u201cEse compromiso lo vamos a cumplir, independientemente del Partido Pol\u00edtico al que pertenezcan los Intendentes o cada uno de los 136 Concejos Municipales porque lo necesita nuestra gente, porque lo necesitan nuestros productores y porque espec\u00edficamente en este tipo de comunidades y de zonas, la caminer\u00eda rural tiene un factor de gran trascendencia\u201d <\/strong>expres\u00f3 el Director de Descentralizaci\u00f3n de la Oficina de Planeamiento y Presupuesto.<\/p>\n\n\n\n<p><strong>FINANCIADA POR EL FDI<\/strong><\/p>\n\n\n\n<p><strong>\u201cEsta alcantarilla fue financiada con el Fondo de Desarrollo del Interior, una disposici\u00f3n de la Constituci\u00f3n que establece que un porcentaje de los impuestos que pagamos todos los ciudadanos que vivimos en el interior, tiene que destinarse a obras fuera del departamento de Montevideo\u201d <\/strong>remarc\u00f3.<\/p>\n\n\n\n<p><strong>\u201cEsta inversi\u00f3n no es propiedad ni de la Intendencia ni del Gobierno Nacional, es producto del aporte de todos los uruguayos que trabajamos, que producimos, que pagamos impuestos\u201d <\/strong>se\u00f1al\u00f3. <strong>\u201cCon el producido de esos impuestos se realizan estas obras\u201d <\/strong>termin\u00f3 diciendo Jos\u00e9 Manuel Arena.<\/p>\n","protected":false},"excerpt":{"rendered":"<p>Se inaugur\u00f3 con presencia de autoridades alcantarilla Ca\u00f1ada de la Arena &nbsp;El costo total de la obra super\u00f3 los 12 Millones de Pesos que fueron financiados por el Fondo de Desarrollo del Interior -$ 10.679.116- y por la Intendencia de Cerro Largo -$ 1.884.549- y representa un gran avance para los vecinos de la zona. &hellip;<\/p>\n","protected":false},"author":3,"featured_media":31412,"comment_status":"closed","ping_status":"closed","sticky":false,"template":"","format":"standard","meta":{"footnotes":""},"categories":[26,18,17,2,31,1,14],"tags":[],"class_list":["post-31402","post","type-post","status-publish","format-standard","has-post-thumbnail","hentry","category-destacadas","category-locales","category-nacionales","category-politica","category-rio-branco","category-sociales","category-tiempo-libre"],"_links":{"self":[{"href":"https:\/\/elprofesional.uy\/www\/wp-json\/wp\/v2\/posts\/31402","targetHints":{"allow":["GET"]}}],"collection":[{"href":"https:\/\/elprofesional.uy\/www\/wp-json\/wp\/v2\/posts"}],"about":[{"href":"https:\/\/elprofesional.uy\/www\/wp-json\/wp\/v2\/types\/post"}],"author":[{"embeddable":true,"href":"https:\/\/elprofesional.uy\/www\/wp-json\/wp\/v2\/users\/3"}],"replies":[{"embeddable":true,"href":"https:\/\/elprofesional.uy\/www\/wp-json\/wp\/v2\/comments?post=31402"}],"version-history":[{"count":1,"href":"https:\/\/elprofesional.uy\/www\/wp-json\/wp\/v2\/posts\/31402\/revisions"}],"predecessor-version":[{"id":31413,"href":"https:\/\/elprofesional.uy\/www\/wp-json\/wp\/v2\/posts\/31402\/revisions\/31413"}],"wp:featuredmedia":[{"embeddable":true,"href":"https:\/\/elprofesional.uy\/www\/wp-json\/wp\/v2\/media\/31412"}],"wp:attachment":[{"href":"https:\/\/elprofesional.uy\/www\/wp-json\/wp\/v2\/media?parent=31402"}],"wp:term":[{"taxonomy":"category","embeddable":true,"href":"https:\/\/elprofesional.uy\/www\/wp-json\/wp\/v2\/categories?post=31402"},{"taxonomy":"post_tag","embeddable":true,"href":"https:\/\/elprofesional.uy\/www\/wp-json\/wp\/v2\/tags?post=31402"}],"curies":[{"name":"wp","href":"https:\/\/api.w.org\/{rel}","templated":true}]}}