{"id":31401,"date":"2026-04-28T19:16:38","date_gmt":"2026-04-28T22:16:38","guid":{"rendered":"https:\/\/elprofesional.uy\/www\/?p=31401"},"modified":"2026-04-28T19:16:39","modified_gmt":"2026-04-28T22:16:39","slug":"recoleccion-5","status":"publish","type":"post","link":"https:\/\/elprofesional.uy\/www\/archivos\/31401","title":{"rendered":"Recolecci\u00f3n"},"content":{"rendered":"\n<p><strong>Nuevo modelo de se puso en marcha en Barrio Popular<\/strong><strong><\/strong><\/p>\n\n\n\n<p>La Intendencia de Cerro Largo a trav\u00e9s de su Direcci\u00f3n de Servicios, Higiene y Medio Ambiente instrument\u00f3 este nuevo modelo de recolecci\u00f3n de los residuos domiciliarios en forma de Plan Piloto.<\/p>\n\n\n\n<p>Luego de las evaluaciones correspondientes sobre el funcionamiento del mismo, seguramente este nuevo sistema se extender\u00e1 a otros puntos de la capital departamental.<\/p>\n\n\n\n<p>En la noche del lunes fueron entregados cerca de 130 contenedores a vecinos del Barrio Popular en el marco de la intervenci\u00f3n integral que all\u00ed realiz\u00f3 la Direcci\u00f3n General de Obras del Gobierno de Cerro Largo.<\/p>\n\n\n\n<p><strong>\u201cSe instrument\u00f3 un nuevo modelo en el sistema de recolecci\u00f3n, el cual ten\u00edamos en mente con el Intendente desde que empezamos este per\u00edodo de Gobierno. La idea era ponerlo en pr\u00e1ctica, primero cuando tuvi\u00e9ramos los recursos necesarios para eso porque representa un costo importante entregarle un contenedor a cada vecino y, segundo, que se hiciera en un barrio que tuviera una transformaci\u00f3n hecha en su totalidad por esta Administraci\u00f3n\u201d <\/strong>dijo <strong>Alejandro L\u00f3pez.<\/strong><\/p>\n\n\n\n<p>En ese sentido, cabe recordar que este lunes se inaugur\u00f3 la primera obra al estilo de la actual gesti\u00f3n de Gobierno Departamental con cord\u00f3n cuneta, veredas, bitumen, alumbrado y rampas para personas con dificultades de desplazamiento.<\/p>\n\n\n\n<p>En el momento de la entrega cada vecino firm\u00f3 un compromiso para el cuidado del contenedor, quedando claramente establecido que se trata de un dispositivo propiedad de la Intendencia. <strong>\u201cNo es que la Administraci\u00f3n se los haya regalado o dado\u201d <\/strong>precis\u00f3 el Encargado de Recolecci\u00f3n y Programa Chumbo Solares.<\/p>\n\n\n\n<p><strong>\u201cSe entregaron 128 contenedores\u201d <\/strong>revel\u00f3 a <strong>EL PROFESIONAL Radio. \u201cNosotros hab\u00edamos hecho un relevamiento previo identificando unas 134 viviendas\u201d <\/strong>coment\u00f3 durante la entrevista en vivo de este martes 28 de abril.<\/p>\n\n\n\n<p>La diferencia est\u00e1 en que algunas de las casas estaban dentro de un mismo padr\u00f3n o un anexo del mismo domicilio. <strong>\u201cNo nos qued\u00f3 ning\u00fan vecino sin recibir su contenedor\u201d <\/strong>asegur\u00f3.<\/p>\n\n\n\n<p><strong>SISTEMA DE RETIRO DE LOS RESIDUOS<\/strong><\/p>\n\n\n\n<p>L\u00f3pez explic\u00f3 de qu\u00e9 forma se levantar\u00e1n los contenedores de los domicilios de los vecinos.<\/p>\n\n\n\n<p>El cami\u00f3n recolector pasar\u00e1 3 d\u00edas a la semana \u2013lunes, mi\u00e9rcoles y viernes- entre las 19 y las 21 horas. <strong>\u201cPedimos la colaboraci\u00f3n de los vecinos para que los desechos est\u00e9n el menor tiempo posible en la v\u00eda p\u00fablica\u201d <\/strong>exhort\u00f3.<\/p>\n\n\n\n<p><strong>\u201cNi bien vean que se retir\u00f3 la basura, solicitamos que vuelvan a ingresar el contenedor a sus casas para que no quede en la v\u00eda p\u00fablica por un tema de vandalismo o de otros factores que puedan causar da\u00f1os\u201d <\/strong>sostuvo. <strong>\u201cLa idea es que se apropien del cuidado de esos bienes\u201d <\/strong>a\u00f1adi\u00f3.<\/p>\n\n\n\n<p><strong>\u201cDesde que la Direcci\u00f3n de Obras comenz\u00f3 la etapa final de sus trabajos, nosotros empezamos a tener contacto con los habitantes del barrio para avisarles cu\u00e1l era el sistema que se iba a venir. Incluso, la semana pasada, se hizo un trabajo de parte de la Direcci\u00f3n con apoyatura de Espacios P\u00fablicos y de Bromatolog\u00eda visitando vecinos para explicarles en detalles esto del cambio\u201d <\/strong>cont\u00f3.<\/p>\n\n\n\n<p>Los sondeos previos denotan una gran adhesi\u00f3n de los vecinos de Barrio Popular a este nuevo modelo de recolecci\u00f3n instrumentado por la Administraci\u00f3n de Christian Morel.<\/p>\n\n\n\n<p><strong>SE EXTENDER\u00c1 A OTROS BARRIOS<\/strong><\/p>\n\n\n\n<p>Se trata de un plan piloto, pero que seguramente se pueda poner en pr\u00e1ctica en otros barrios de la ciudad de Melo.<\/p>\n\n\n\n<p><strong>\u201cVamos a evaluar d\u00eda a d\u00eda los resultados para poder expandirlo a varios barrios m\u00e1s\u201d <\/strong>anunci\u00f3 Alejandro L\u00f3pez.<\/p>\n\n\n\n<p><strong>\u201cSeguramente el pr\u00f3ximo no sea uno de estos barrios transformados al 100% ya que el que sigue ahora es el S\u00f3\u00f1ora, tarea que insumir\u00e1 algunos meses\u201d <\/strong>manifest\u00f3.<\/p>\n\n\n\n<p>Las caracter\u00edsticas geogr\u00e1ficas del barrio es un elemento importante a tener en cuenta a la hora de implementar este nuevo modelo de recolecci\u00f3n de los residuos domiciliarios. <strong>\u201cEn este caso del Popular nos ayud\u00f3 much\u00edsimo porque est\u00e1 bien delimitado y muy separado de los dem\u00e1s. All\u00ed no hay corrimiento ni confusi\u00f3n de l\u00edmites con otros barrios. En esta primera instancia buscaremos precisamente eso\u201d <\/strong>dijo el Encargado del \u00c1rea de Recolecci\u00f3n de la Intendencia de Cerro Largo.<\/p>\n","protected":false},"excerpt":{"rendered":"<p>Nuevo modelo de se puso en marcha en Barrio Popular La Intendencia de Cerro Largo a trav\u00e9s de su Direcci\u00f3n de Servicios, Higiene y Medio Ambiente instrument\u00f3 este nuevo modelo de recolecci\u00f3n de los residuos domiciliarios en forma de Plan Piloto. Luego de las evaluaciones correspondientes sobre el funcionamiento del mismo, seguramente este nuevo sistema &hellip;<\/p>\n","protected":false},"author":3,"featured_media":31410,"comment_status":"closed","ping_status":"closed","sticky":false,"template":"","format":"standard","meta":{"footnotes":""},"categories":[26,18,17,2,31,1,14],"tags":[],"class_list":["post-31401","post","type-post","status-publish","format-standard","has-post-thumbnail","hentry","category-destacadas","category-locales","category-nacionales","category-politica","category-rio-branco","category-sociales","category-tiempo-libre"],"_links":{"self":[{"href":"https:\/\/elprofesional.uy\/www\/wp-json\/wp\/v2\/posts\/31401","targetHints":{"allow":["GET"]}}],"collection":[{"href":"https:\/\/elprofesional.uy\/www\/wp-json\/wp\/v2\/posts"}],"about":[{"href":"https:\/\/elprofesional.uy\/www\/wp-json\/wp\/v2\/types\/post"}],"author":[{"embeddable":true,"href":"https:\/\/elprofesional.uy\/www\/wp-json\/wp\/v2\/users\/3"}],"replies":[{"embeddable":true,"href":"https:\/\/elprofesional.uy\/www\/wp-json\/wp\/v2\/comments?post=31401"}],"version-history":[{"count":1,"href":"https:\/\/elprofesional.uy\/www\/wp-json\/wp\/v2\/posts\/31401\/revisions"}],"predecessor-version":[{"id":31411,"href":"https:\/\/elprofesional.uy\/www\/wp-json\/wp\/v2\/posts\/31401\/revisions\/31411"}],"wp:featuredmedia":[{"embeddable":true,"href":"https:\/\/elprofesional.uy\/www\/wp-json\/wp\/v2\/media\/31410"}],"wp:attachment":[{"href":"https:\/\/elprofesional.uy\/www\/wp-json\/wp\/v2\/media?parent=31401"}],"wp:term":[{"taxonomy":"category","embeddable":true,"href":"https:\/\/elprofesional.uy\/www\/wp-json\/wp\/v2\/categories?post=31401"},{"taxonomy":"post_tag","embeddable":true,"href":"https:\/\/elprofesional.uy\/www\/wp-json\/wp\/v2\/tags?post=31401"}],"curies":[{"name":"wp","href":"https:\/\/api.w.org\/{rel}","templated":true}]}}