{"id":31400,"date":"2026-04-28T19:16:19","date_gmt":"2026-04-28T22:16:19","guid":{"rendered":"https:\/\/elprofesional.uy\/www\/?p=31400"},"modified":"2026-04-28T19:16:20","modified_gmt":"2026-04-28T22:16:20","slug":"informacion-objetiva","status":"publish","type":"post","link":"https:\/\/elprofesional.uy\/www\/archivos\/31400","title":{"rendered":"Informaci\u00f3n objetiva"},"content":{"rendered":"\n<p><strong>Edil Ignacio Rodr\u00edguez busca conocer el origen la fecha y la valorizaci\u00f3n fiscal de los operativos de Aduanas<\/strong><\/p>\n\n\n\n<p>A ra\u00edz de versiones que se manejaron a trav\u00e9s de las Redes Sociales, fundamentalmente, as\u00ed como tambi\u00e9n de declaraciones p\u00fablicas y planteos varios realizados por Legisladores Nacionales, el Edil del Frente Amplio hizo un pedido de informes a Aduanas.<\/p>\n\n\n\n<p>El planteo lo efectu\u00f3 en el Plenario de la Junta Departamental de Cerro Largo para que se canalice a trav\u00e9s de la Ley de Acceso a la Informaci\u00f3n P\u00fablica (N\u00b0 18.831).<\/p>\n\n\n\n<p>En esencia, busca conocer el origen de los procedimientos, fecha de los operativos y la valorizaci\u00f3n fiscal de los mismos.<\/p>\n\n\n\n<p><strong>\u201cSe est\u00e1 haciendo tema de Redes, de declaraciones de personas que son p\u00fablicas, en este caso puntual con el tema de Aduanas, donde declara una Legisladora, que retrucan en Redes. Ac\u00e1 como Legislador Departamental, y desde mi humilde lugar y haciendo uso de una Ley, la Ley de Informaci\u00f3n de Informaci\u00f3n P\u00fablica le voy a hacer un pedido a la Aduana\u201d <\/strong>manifest\u00f3 <strong>Ignacio Rodr\u00edguez.<\/strong><\/p>\n\n\n\n<p><strong>\u201cEn concreto, se solicita un informe detallado de las incautaciones y decomisos realizados en la jurisdicci\u00f3n de Melo en el per\u00edodo comprendido entre marzo de 2025 hasta la fecha, es decir en este per\u00edodo de Gobierno\u201d <\/strong>manifest\u00f3 el Edil de la Bancada del Frente Amplio.<\/p>\n\n\n\n<p><strong>\u201cLos detalles requeridos de cada procedimiento son: la fecha del operativo, el origen del procedimiento, indicar si la actuaci\u00f3n fue motivada por denuncia o s\u00ed se trat\u00f3 de procedimientos de oficio ordenados por la instituci\u00f3n o por Fiscal\u00eda, por ejemplo, y la valorizaci\u00f3n fiscal, el valor asignado de la mercader\u00eda\u201d <\/strong>solicit\u00f3 Rodr\u00edguez.<\/p>\n\n\n\n<p><strong>\u201cYa lo hemos tratado ac\u00e1, no es lo mismo 250 toneladas de pollo con una caja de pollo\u201d <\/strong>indic\u00f3 m\u00e1s adelante durante la argumentaci\u00f3n de su pedido de Informaci\u00f3n a trav\u00e9s de la Ley 18.831.<\/p>\n\n\n\n<p>En cuanto a la fundamentaci\u00f3n y contexto, Ignacio Rodr\u00edguez expres\u00f3 que la solicitud es motivada en que ha habido <strong>\u201cdeclaraciones p\u00fablicas de Legisladores Departamentales sobre operativos llevados a cabo que se suman a las publicaciones de usuarios de las Redes Sociales que van en ese mismo sentido\u201d <\/strong>dijo.<\/p>\n\n\n\n<p><strong>\u201cLamentablemente en ambas situaciones, no se deja claro, no se deja constancia que los funcionarios actuantes son trabajadores de carrera que se limitan a cumplir con su funci\u00f3n y la normativa vigente\u201d <\/strong>destac\u00f3 el Edil de la oposici\u00f3n.<\/p>\n\n\n\n<p><strong>\u201cResulta preocupante que en el marco de este debate p\u00fablico que se ha armado, los funcionarios hayan sido objeto de agresi\u00f3n y descalificaci\u00f3n en Redes Sociales, todo esto por el simple hecho de desempe\u00f1ar su tarea\u201d <\/strong>sostuvo.<\/p>\n\n\n\n<p><strong>\u201cEn este sentido, contar con informaci\u00f3n oficial y objetiva sobre los procedimientos, que es lo que pido, permitir\u00e1 aportar claridad frente a los cuestionamientos p\u00fablicos, protegiendo la integridad de la funci\u00f3n y de las instituciones\u201d <\/strong>remarc\u00f3 Ignacio Rodr\u00edguez.<\/p>\n\n\n\n<p>M\u00e1s adelante manifest\u00f3 que despu\u00e9s de muchos gobiernos, de todos los Partidos Pol\u00edticos, en el actual fue la primera vez que se instrumentaron pol\u00edticas de protecci\u00f3n al comercio de frontera. <strong>\u201cNos podr\u00e1n gustar m\u00e1s o menos, pero ahora a partir del 1 de mayo se rebaja el combustible\u201d <\/strong>record\u00f3.<\/p>\n\n\n\n<p><strong>\u201cHay medidas y hay fundamentos para debatir con nivel, con altura y aportar sobre todo\u201d <\/strong>consider\u00f3.<\/p>\n\n\n\n<p>Finalmente, el Edil de la Bancada del Frente Amplio en la Junta Departamental de Cerro Largo, solicit\u00f3 que este pedido de informaci\u00f3n fuera elevado a la Direcci\u00f3n Nacional de Aduanas y a los medios de comunicaci\u00f3n en general.<\/p>\n","protected":false},"excerpt":{"rendered":"<p>Edil Ignacio Rodr\u00edguez busca conocer el origen la fecha y la valorizaci\u00f3n fiscal de los operativos de Aduanas A ra\u00edz de versiones que se manejaron a trav\u00e9s de las Redes Sociales, fundamentalmente, as\u00ed como tambi\u00e9n de declaraciones p\u00fablicas y planteos varios realizados por Legisladores Nacionales, el Edil del Frente Amplio hizo un pedido de informes &hellip;<\/p>\n","protected":false},"author":3,"featured_media":31408,"comment_status":"closed","ping_status":"closed","sticky":false,"template":"","format":"standard","meta":{"footnotes":""},"categories":[26,18,17,2,31,1,14],"tags":[],"class_list":["post-31400","post","type-post","status-publish","format-standard","has-post-thumbnail","hentry","category-destacadas","category-locales","category-nacionales","category-politica","category-rio-branco","category-sociales","category-tiempo-libre"],"_links":{"self":[{"href":"https:\/\/elprofesional.uy\/www\/wp-json\/wp\/v2\/posts\/31400","targetHints":{"allow":["GET"]}}],"collection":[{"href":"https:\/\/elprofesional.uy\/www\/wp-json\/wp\/v2\/posts"}],"about":[{"href":"https:\/\/elprofesional.uy\/www\/wp-json\/wp\/v2\/types\/post"}],"author":[{"embeddable":true,"href":"https:\/\/elprofesional.uy\/www\/wp-json\/wp\/v2\/users\/3"}],"replies":[{"embeddable":true,"href":"https:\/\/elprofesional.uy\/www\/wp-json\/wp\/v2\/comments?post=31400"}],"version-history":[{"count":1,"href":"https:\/\/elprofesional.uy\/www\/wp-json\/wp\/v2\/posts\/31400\/revisions"}],"predecessor-version":[{"id":31409,"href":"https:\/\/elprofesional.uy\/www\/wp-json\/wp\/v2\/posts\/31400\/revisions\/31409"}],"wp:featuredmedia":[{"embeddable":true,"href":"https:\/\/elprofesional.uy\/www\/wp-json\/wp\/v2\/media\/31408"}],"wp:attachment":[{"href":"https:\/\/elprofesional.uy\/www\/wp-json\/wp\/v2\/media?parent=31400"}],"wp:term":[{"taxonomy":"category","embeddable":true,"href":"https:\/\/elprofesional.uy\/www\/wp-json\/wp\/v2\/categories?post=31400"},{"taxonomy":"post_tag","embeddable":true,"href":"https:\/\/elprofesional.uy\/www\/wp-json\/wp\/v2\/tags?post=31400"}],"curies":[{"name":"wp","href":"https:\/\/api.w.org\/{rel}","templated":true}]}}