{"id":31399,"date":"2026-04-28T19:15:58","date_gmt":"2026-04-28T22:15:58","guid":{"rendered":"https:\/\/elprofesional.uy\/www\/?p=31399"},"modified":"2026-04-28T19:15:59","modified_gmt":"2026-04-28T22:15:59","slug":"dialogos","status":"publish","type":"post","link":"https:\/\/elprofesional.uy\/www\/archivos\/31399","title":{"rendered":"Di\u00e1logos"},"content":{"rendered":"\n<p><strong>Gobierno plantea poder optar por retiro a 60 a\u00f1os y neg\u00f3 que se vaya a estatizar las AFAP<\/strong><\/p>\n\n\n\n<p>Yamand\u00fa Orsi anunci\u00f3 iniciativas para el sistema de previsi\u00f3n social actual, en busca de mayor cobertura econ\u00f3mica a hogares vulnerables.<\/p>\n\n\n\n<p>El presidente de la Rep\u00fablica,&nbsp;Yamand\u00fa Orsi, anunci\u00f3 en conferencia de prensa \u2014junto al ministro de Econom\u00eda,&nbsp;Gabriel Oddone, y el director de la Oficina de Planeamiento y Presupuesto (OPP),&nbsp;Rodrigo Arim\u2014 una&nbsp;serie de propuestas para el sistema previsional. Algunas ser\u00e1n incluidas en la pr\u00f3xima ley de&nbsp;Rendici\u00f3n de Cuentas&nbsp;y otras se presentar\u00e1n como&nbsp;proyectos de ley ante el Parlamento.<\/p>\n\n\n\n<p>Seg\u00fan explic\u00f3 el mandatario, las iniciativas hacen foco en cuatro ejes:&nbsp;fortalecer la protecci\u00f3n de ni\u00f1os, ni\u00f1as y adolescentes;&nbsp;reforzar el Sistema de Cuidados;&nbsp;mejorar la&nbsp;protecci\u00f3n del trabajador independiente;&nbsp;y&nbsp;consolidar el dise\u00f1o del r\u00e9gimen previsional actual, el cual se sustenta en una&nbsp;edad jubilatoria de 65 a\u00f1os&nbsp;y se basa en tres pilares fundamentales: el no contributivo, de solidaridad intergeneracional y el de ahorro individual obligatorio.&nbsp;<\/p>\n\n\n\n<p><strong>\u201cEn ese marco,&nbsp;entendemos relevante avanzar en un conjunto de reformas que mejoren el funcionamiento actual&nbsp;del sistema previsional\u201d, <\/strong>se\u00f1al\u00f3, por su parte, el director de la OPP.<\/p>\n\n\n\n<p>En primer lugar, Arim indic\u00f3 que se presentar\u00e1 una iniciativa para&nbsp;<strong>\u201ccrear una causal de retiro anticipado&nbsp;que, sobre la base de una edad de retiro normal de 65 a\u00f1os,&nbsp;d\u00e9 la libertad de optar por retirarse a partir de los 60 a\u00f1os\u201d.<\/strong> No obstante, dicha causal&nbsp;incentivar\u00e1 a que se contin\u00fae trabajando&nbsp;hasta los 65 a\u00f1os en base a&nbsp;<strong>\u201ctasas de reemplazo actuarialmente equilibradas\u201d.<\/strong><\/p>\n\n\n\n<p>Por su parte, para aquellos&nbsp;trabajadores de menores ingresos, dicha causal tambi\u00e9n los incentivar\u00e1 a permanecer en actividad hasta los 65 a\u00f1os, pero&nbsp;<strong>\u201cgarantizar\u00e1 a trav\u00e9s del suplemento solidario&nbsp;una jubilaci\u00f3n no inferior a la establecida por el r\u00e9gimen vigente antes de la reforma de 2023\u201d,<\/strong> dijo Arim.&nbsp;<\/p>\n\n\n\n<p>En ese sentido, Arim puntualiz\u00f3 que el c\u00e1lculo de los costos que esto tendr\u00e1 en el r\u00e9gimen previsional fue hecho junto al Banco de Previsi\u00f3n Social (BPS) y&nbsp;<strong>\u201cno afecta la sostenibilidad financiera del sistema\u201d.<\/strong><\/p>\n\n\n\n<p>Adem\u00e1s, Orsi se refiri\u00f3 a la pol\u00e9mica generada tras las declaraciones de diferentes jerarcas&nbsp;a posibles&nbsp;cambios en el funcionamiento de las AFAP&nbsp;y una eventual desvinculaci\u00f3n de la administraci\u00f3n directa de las cuentas individuales, lo que&nbsp;desat\u00f3 cr\u00edticas por parte de la oposici\u00f3n.&nbsp;<\/p>\n\n\n\n<p>\u201cComo presidente de la Rep\u00fablica, lo primero que debo reafirmar y aclarar es que tengo la obligaci\u00f3n de ser muy responsable.&nbsp;No est\u00e1 en nuestro esp\u00edritu, en nuestra propuesta, pero tampoco aparece en este documento la propuesta de eliminar o estatizar las AFAP\u201d, afirm\u00f3 el mandatario.<\/p>\n\n\n\n<p>En esa misma l\u00ednea, Arim, declar\u00f3:&nbsp;<strong>\u201cLa discusi\u00f3n que se plantea tiene que ver con&nbsp;el dise\u00f1o que pueda mejorar la eficacia y la eficiencia en la administraci\u00f3n de los recursos de las personas, pero no hay ni en el documento del di\u00e1logo ni menos en la agenda del Poder Ejecutivo, un camino como el que se acaba de plantear\u201d.<\/strong><\/p>\n\n\n\n<p>Por otra parte, las autoridades tambi\u00e9n destacaron la propuesta de&nbsp;la creaci\u00f3n de un seguro de cese de actividad que brinde una prestaci\u00f3n econ\u00f3mica temporal de hasta 3 meses a monotributistas y trabajadores unipersonales sin dependientes&nbsp;ante la p\u00e9rdida de su actividad laboral. <strong>\u201cCon esto, me refiero a un sector particularmente vulnerable que en la actualidad tiene una cobertura ineficiente desde el punto de vista de sus riesgos\u201d, <\/strong>afirm\u00f3 el director de la OPP.<\/p>\n\n\n\n<p>En cuanto al fortalecimiento del Sistema de Cuidados, el plan prev\u00e9 ampliar de forma progresiva la oferta de educaci\u00f3n y cuidados, en l\u00ednea con la Ley de Presupuesto. Entre las metas, se incluye&nbsp;duplicar la cobertura de ni\u00f1os y ni\u00f1as que asisten a centros de tiempo completo&nbsp;y extendido, avanzar hacia la atenci\u00f3n universal a los 3 a\u00f1os y&nbsp;ampliar los servicios para la primera infancia.<\/p>\n\n\n\n<p>Tambi\u00e9n se busca&nbsp;duplicar los centros de educaci\u00f3n media con mayor carga horaria, reforzar la&nbsp;permanencia de estudiantes con discapacidad&nbsp;en el sistema educativo y extender el r\u00e9gimen de licencias por cuidados, con&nbsp;incentivos para una mayor participaci\u00f3n paterna&nbsp;sin afectar el empleo formal.<\/p>\n\n\n\n<p>Por \u00faltimo, el documento contiene una serie de medidas para reducir la pobreza en los hogares con ni\u00f1os, ni\u00f1as y adolescentes. Se propone&nbsp;crear un sistema \u00fanico que integre las prestaciones vigentes, con el objetivo de simplificar su funcionamiento y evitar superposiciones. El esquema prev\u00e9&nbsp;montos progresivos&nbsp;seg\u00fan los ingresos y necesidades de los hogares, e incorporar\u00e1 de forma gradual&nbsp;apoyos espec\u00edficos para embarazadas y para la primera infancia.<\/p>\n","protected":false},"excerpt":{"rendered":"<p>Gobierno plantea poder optar por retiro a 60 a\u00f1os y neg\u00f3 que se vaya a estatizar las AFAP Yamand\u00fa Orsi anunci\u00f3 iniciativas para el sistema de previsi\u00f3n social actual, en busca de mayor cobertura econ\u00f3mica a hogares vulnerables. El presidente de la Rep\u00fablica,&nbsp;Yamand\u00fa Orsi, anunci\u00f3 en conferencia de prensa \u2014junto al ministro de Econom\u00eda,&nbsp;Gabriel Oddone, &hellip;<\/p>\n","protected":false},"author":3,"featured_media":31406,"comment_status":"closed","ping_status":"closed","sticky":false,"template":"","format":"standard","meta":{"footnotes":""},"categories":[26,18,17,2,31,1,14],"tags":[],"class_list":["post-31399","post","type-post","status-publish","format-standard","has-post-thumbnail","hentry","category-destacadas","category-locales","category-nacionales","category-politica","category-rio-branco","category-sociales","category-tiempo-libre"],"_links":{"self":[{"href":"https:\/\/elprofesional.uy\/www\/wp-json\/wp\/v2\/posts\/31399","targetHints":{"allow":["GET"]}}],"collection":[{"href":"https:\/\/elprofesional.uy\/www\/wp-json\/wp\/v2\/posts"}],"about":[{"href":"https:\/\/elprofesional.uy\/www\/wp-json\/wp\/v2\/types\/post"}],"author":[{"embeddable":true,"href":"https:\/\/elprofesional.uy\/www\/wp-json\/wp\/v2\/users\/3"}],"replies":[{"embeddable":true,"href":"https:\/\/elprofesional.uy\/www\/wp-json\/wp\/v2\/comments?post=31399"}],"version-history":[{"count":1,"href":"https:\/\/elprofesional.uy\/www\/wp-json\/wp\/v2\/posts\/31399\/revisions"}],"predecessor-version":[{"id":31407,"href":"https:\/\/elprofesional.uy\/www\/wp-json\/wp\/v2\/posts\/31399\/revisions\/31407"}],"wp:featuredmedia":[{"embeddable":true,"href":"https:\/\/elprofesional.uy\/www\/wp-json\/wp\/v2\/media\/31406"}],"wp:attachment":[{"href":"https:\/\/elprofesional.uy\/www\/wp-json\/wp\/v2\/media?parent=31399"}],"wp:term":[{"taxonomy":"category","embeddable":true,"href":"https:\/\/elprofesional.uy\/www\/wp-json\/wp\/v2\/categories?post=31399"},{"taxonomy":"post_tag","embeddable":true,"href":"https:\/\/elprofesional.uy\/www\/wp-json\/wp\/v2\/tags?post=31399"}],"curies":[{"name":"wp","href":"https:\/\/api.w.org\/{rel}","templated":true}]}}