{"id":31383,"date":"2026-04-27T18:58:54","date_gmt":"2026-04-27T21:58:54","guid":{"rendered":"https:\/\/elprofesional.uy\/www\/?p=31383"},"modified":"2026-04-27T18:58:55","modified_gmt":"2026-04-27T21:58:55","slug":"historica","status":"publish","type":"post","link":"https:\/\/elprofesional.uy\/www\/archivos\/31383","title":{"rendered":"Hist\u00f3rica"},"content":{"rendered":"\n<p><strong>La atleta&nbsp;Julia Paternain y un mensaje al p\u00fablico celeste tras finalizar octava en Londres<\/strong><\/p>\n\n\n\n<p>La atleta uruguaya tuvo una destacada actuaci\u00f3n en la Marat\u00f3n al finalizar octava y batir su propio r\u00e9cord.<\/p>\n\n\n\n<p>La atleta&nbsp;Julia Paternain&nbsp;le dedic\u00f3 un mensaje al p\u00fablico uruguayo tras su hist\u00f3rica actuaci\u00f3n en la&nbsp;Marat\u00f3n de Londres, donde volvi\u00f3 a brillar y finaliz\u00f3 octava tras 42 kil\u00f3metros y 195 metros recorridos.<\/p>\n\n\n\n<p>La uruguaya de 26 a\u00f1os, que en 2025 le dio a la delegaci\u00f3n celeste su primera medalla en el Mundial de atletismo de Tokio con un hist\u00f3rico bronce, bati\u00f3 el r\u00e9cord nacional el domingo en la capital de Inglaterra.<\/p>\n\n\n\n<p>Paternain complet\u00f3 la meta con un tiempo de 2 horas, 25 minutos y 47 segundos y mejor\u00f3 su marca de 2:27.09 en enero del a\u00f1o pasado. As\u00ed, realiz\u00f3 la mejor participaci\u00f3n uruguaya en la historia en un Major.<\/p>\n\n\n\n<p>Luego, realiz\u00f3 un video dedicado al p\u00fablico charr\u00faa: <strong>\u201cHola, Uruguay. Gracias por todo el apoyo para la carrera. Estoy muy contenta con poder salir en los primeros ocho. Vamo\u2019 Uruguay\u201d,<\/strong> dijo la deportista en una grabaci\u00f3n publicada por&nbsp;<em>Running radio TV.<\/em>&nbsp;<\/p>\n","protected":false},"excerpt":{"rendered":"<p>La atleta&nbsp;Julia Paternain y un mensaje al p\u00fablico celeste tras finalizar octava en Londres La atleta uruguaya tuvo una destacada actuaci\u00f3n en la Marat\u00f3n al finalizar octava y batir su propio r\u00e9cord. La atleta&nbsp;Julia Paternain&nbsp;le dedic\u00f3 un mensaje al p\u00fablico uruguayo tras su hist\u00f3rica actuaci\u00f3n en la&nbsp;Marat\u00f3n de Londres, donde volvi\u00f3 a brillar y finaliz\u00f3 &hellip;<\/p>\n","protected":false},"author":3,"featured_media":31395,"comment_status":"closed","ping_status":"closed","sticky":false,"template":"","format":"standard","meta":{"footnotes":""},"categories":[12],"tags":[],"class_list":["post-31383","post","type-post","status-publish","format-standard","has-post-thumbnail","hentry","category-deportes"],"_links":{"self":[{"href":"https:\/\/elprofesional.uy\/www\/wp-json\/wp\/v2\/posts\/31383","targetHints":{"allow":["GET"]}}],"collection":[{"href":"https:\/\/elprofesional.uy\/www\/wp-json\/wp\/v2\/posts"}],"about":[{"href":"https:\/\/elprofesional.uy\/www\/wp-json\/wp\/v2\/types\/post"}],"author":[{"embeddable":true,"href":"https:\/\/elprofesional.uy\/www\/wp-json\/wp\/v2\/users\/3"}],"replies":[{"embeddable":true,"href":"https:\/\/elprofesional.uy\/www\/wp-json\/wp\/v2\/comments?post=31383"}],"version-history":[{"count":1,"href":"https:\/\/elprofesional.uy\/www\/wp-json\/wp\/v2\/posts\/31383\/revisions"}],"predecessor-version":[{"id":31396,"href":"https:\/\/elprofesional.uy\/www\/wp-json\/wp\/v2\/posts\/31383\/revisions\/31396"}],"wp:featuredmedia":[{"embeddable":true,"href":"https:\/\/elprofesional.uy\/www\/wp-json\/wp\/v2\/media\/31395"}],"wp:attachment":[{"href":"https:\/\/elprofesional.uy\/www\/wp-json\/wp\/v2\/media?parent=31383"}],"wp:term":[{"taxonomy":"category","embeddable":true,"href":"https:\/\/elprofesional.uy\/www\/wp-json\/wp\/v2\/categories?post=31383"},{"taxonomy":"post_tag","embeddable":true,"href":"https:\/\/elprofesional.uy\/www\/wp-json\/wp\/v2\/tags?post=31383"}],"curies":[{"name":"wp","href":"https:\/\/api.w.org\/{rel}","templated":true}]}}