{"id":31382,"date":"2026-04-27T18:58:39","date_gmt":"2026-04-27T21:58:39","guid":{"rendered":"https:\/\/elprofesional.uy\/www\/?p=31382"},"modified":"2026-04-27T18:58:40","modified_gmt":"2026-04-27T21:58:40","slug":"urgente-necesidad","status":"publish","type":"post","link":"https:\/\/elprofesional.uy\/www\/archivos\/31382","title":{"rendered":"Urgente necesidad"},"content":{"rendered":"\n<p><strong>Liceo 2 para R\u00edo Branco es prioridad para la Sala de Directores<\/strong><\/p>\n\n\n\n<p>La superpoblaci\u00f3n del \u00fanico liceo que tiene la ciudad de R\u00edo Branco, as\u00ed como tambi\u00e9n las condiciones edilicias, llevan a plantear el tema como de urgente necesidad.<\/p>\n\n\n\n<p>As\u00ed lo ha establecido la Sala de Directores de Secundaria del departamento. La obra fue incluida en el Presupuesto Quinquenal, faltando definir la fecha para el comienzo de los trabajos, previo llamado a licitaci\u00f3n.<\/p>\n\n\n\n<p>El Liceo 2 de R\u00edo Branco se levantar\u00e1 en un predio contiguo al Puerto Seco, en el acceso mismo a la ciudad.<\/p>\n\n\n\n<p><strong>\u201cSer\u00eda la prioridad n\u00famero 1 hoy por hoy\u201d <\/strong>sintetiz\u00f3 el <strong>Profesor Daniel Montero. \u201cNosotros trabajamos, desde el a\u00f1o pasado, a nivel de Sala Departamental para la creaci\u00f3n del Liceo N\u00b0 2 para R\u00edo Branco\u201d <\/strong>dijo a <strong>EL PROFESIONAL Radio.<\/strong><\/p>\n\n\n\n<p><strong>\u201cEl predio ya est\u00e1 establecido, ser\u00eda el que est\u00e1 detr\u00e1s del Puerto Seco\u201d <\/strong>ilustr\u00f3 el Presidente de la Sala de Directores de Secundaria. <strong>\u201cEra un predio peque\u00f1o, pero despu\u00e9s el Ministerio de Transporte y Obras P\u00fablicas nos cedi\u00f3 un terreno lindero con lo que qued\u00f3 un predio bien importante. Se trata de un lugar ideal para la construcci\u00f3n y para la creaci\u00f3n de ese Liceo\u201d <\/strong>agreg\u00f3.<\/p>\n\n\n\n<p>La obra ya est\u00e1 presupuestada, est\u00e1 marcada dentro de las intenciones de inversi\u00f3n para el actual quinquenio. <strong>\u201cSe lo da como un hecho, vamos a ver cu\u00e1ndo comienzan las obras\u201d <\/strong>puntualiz\u00f3 durante la entrevista en vivo.<\/p>\n\n\n\n<p>El Profesor Montero, y tambi\u00e9n la Sala, consideran que este segundo centro de ense\u00f1anza secundaria es imprescindible para R\u00edo Branco por la elevada matr\u00edcula que tiene el \u00fanico liceo ya existente. <strong>\u201cLa ciudad ha crecido mucho, por diversos factores, que tiene que ver mucho con poblaci\u00f3n que se ha venido desde el sur, tiene que ver con la frontera misma, con el tema de los Free Shops que mueve mucho y la producci\u00f3n arrocera\u201d <\/strong>argument\u00f3.<\/p>\n\n\n\n<p><strong>\u201cHace tiempo que estaba en el debe un Liceo 2 para R\u00edo Branco. Al actual se le han hecho algunas mejoras edilicias, instalaciones el\u00e9ctricas y techos, pero es un edificio que ya tiene sus a\u00f1os que no puede contener m\u00e1s grupos de los que ya tiene\u201d <\/strong>puntualiz\u00f3.<\/p>\n\n\n\n<p><strong>UN SEXTO LICEO PARA MELO<\/strong><\/p>\n\n\n\n<p>En cuanto al Liceo 6 para la capital departamental, el Profesor Daniel Montero fue claro y dijo que el tema est\u00e1 en etapa de elaboraci\u00f3n de la idea, en tiempos de pensarlo como tal.<\/p>\n\n\n\n<p>Contrariamente a lo que ocurre con el 2 para R\u00edo Branco, esta obra no est\u00e1 incluida en el presupuesto quinquenal.<\/p>\n\n\n\n<p><strong>\u201cEs un proyecto nuestro, de la Sala, llegado adelante con la Inspecci\u00f3n de Institutos y Liceos\u201d <\/strong>manifest\u00f3.<\/p>\n\n\n\n<p>El Presidente de la Sala de Directores confirm\u00f3 que, a trav\u00e9s de la Inspecci\u00f3n de Institutos y Liceos, se envi\u00f3 un Oficio a Montevideo con el pedido de este sexto Liceo para Melo. <strong>\u201cLa Junta lo declar\u00f3 de Inter\u00e9s Departamental y se trabaj\u00f3 en sesi\u00f3n para ser enviado al Parlamento\u201d <\/strong>cont\u00f3. <strong>\u201cHoy tambi\u00e9n el tema se est\u00e1 trabajando a nivel de la C\u00e1mara de Representantes\u201d <\/strong>sostuvo.<\/p>\n\n\n\n<p>Se solicit\u00f3 el predio que se encuentra entre la Cancha de F\u00fatbol Infantil del Club Continental y los galpones de AFE, m\u00e1s concretamente entre calle Florencio S\u00e1nchez y Avenida de las Am\u00e9ricas.<\/p>\n\n\n\n<p><strong>\u201cSer\u00eda un buen lugar, con salida hacia ambas v\u00edas de circulaci\u00f3n, en una zona donde no hay otro Liceo\u201d <\/strong>precis\u00f3 Montero.<\/p>\n\n\n\n<p>Cubrir\u00eda, adem\u00e1s, la necesidad de las comunidades de Barrios L\u00f3pez Ben\u00edtez e Hip\u00f3dromo, fundamentalmente, as\u00ed como tambi\u00e9n zonas rurales del oeste hoy por hoy muy habitadas.<\/p>\n\n\n\n<p><strong>\u201cDescomprimir\u00eda al Liceo 1, pero tambi\u00e9n al Liceo 2 que ha tenido un crecimiento muy grande\u201d <\/strong>expres\u00f3.<\/p>\n\n\n\n<p><strong>\u201cVamos a tener que esperar un tiempo para que esto se concrete, ese predio de AFE ya est\u00e1 pedido. Ser\u00eda muy bueno que se concretar\u00eda, un proyecto de alto valor para la comunidad departamental\u201d <\/strong>opin\u00f3 el Presidente de la Sala de Directores de Secundaria de Cerro Largo.<\/p>\n\n\n\n<p><strong>\u201cTenemos el aval y el apoyo de la Intendencia y de AFE, el tema es que el Presupuesto es todo, sin presupuesto es solo una idea que estamos trabajando\u201d <\/strong>remarc\u00f3 Daniel Montero.<\/p>\n","protected":false},"excerpt":{"rendered":"<p>Liceo 2 para R\u00edo Branco es prioridad para la Sala de Directores La superpoblaci\u00f3n del \u00fanico liceo que tiene la ciudad de R\u00edo Branco, as\u00ed como tambi\u00e9n las condiciones edilicias, llevan a plantear el tema como de urgente necesidad. As\u00ed lo ha establecido la Sala de Directores de Secundaria del departamento. La obra fue incluida &hellip;<\/p>\n","protected":false},"author":3,"featured_media":31393,"comment_status":"closed","ping_status":"closed","sticky":false,"template":"","format":"standard","meta":{"footnotes":""},"categories":[26,18,17,2,31,1,14],"tags":[],"class_list":["post-31382","post","type-post","status-publish","format-standard","has-post-thumbnail","hentry","category-destacadas","category-locales","category-nacionales","category-politica","category-rio-branco","category-sociales","category-tiempo-libre"],"_links":{"self":[{"href":"https:\/\/elprofesional.uy\/www\/wp-json\/wp\/v2\/posts\/31382","targetHints":{"allow":["GET"]}}],"collection":[{"href":"https:\/\/elprofesional.uy\/www\/wp-json\/wp\/v2\/posts"}],"about":[{"href":"https:\/\/elprofesional.uy\/www\/wp-json\/wp\/v2\/types\/post"}],"author":[{"embeddable":true,"href":"https:\/\/elprofesional.uy\/www\/wp-json\/wp\/v2\/users\/3"}],"replies":[{"embeddable":true,"href":"https:\/\/elprofesional.uy\/www\/wp-json\/wp\/v2\/comments?post=31382"}],"version-history":[{"count":1,"href":"https:\/\/elprofesional.uy\/www\/wp-json\/wp\/v2\/posts\/31382\/revisions"}],"predecessor-version":[{"id":31394,"href":"https:\/\/elprofesional.uy\/www\/wp-json\/wp\/v2\/posts\/31382\/revisions\/31394"}],"wp:featuredmedia":[{"embeddable":true,"href":"https:\/\/elprofesional.uy\/www\/wp-json\/wp\/v2\/media\/31393"}],"wp:attachment":[{"href":"https:\/\/elprofesional.uy\/www\/wp-json\/wp\/v2\/media?parent=31382"}],"wp:term":[{"taxonomy":"category","embeddable":true,"href":"https:\/\/elprofesional.uy\/www\/wp-json\/wp\/v2\/categories?post=31382"},{"taxonomy":"post_tag","embeddable":true,"href":"https:\/\/elprofesional.uy\/www\/wp-json\/wp\/v2\/tags?post=31382"}],"curies":[{"name":"wp","href":"https:\/\/api.w.org\/{rel}","templated":true}]}}