{"id":31381,"date":"2026-04-27T18:58:09","date_gmt":"2026-04-27T21:58:09","guid":{"rendered":"https:\/\/elprofesional.uy\/www\/?p=31381"},"modified":"2026-04-27T18:58:10","modified_gmt":"2026-04-27T21:58:10","slug":"seguridad-vial-2","status":"publish","type":"post","link":"https:\/\/elprofesional.uy\/www\/archivos\/31381","title":{"rendered":"Seguridad vial"},"content":{"rendered":"\n<p><strong>Uruguay fue sede del lanzamiento internacional de \u201cMayo Amarillo\u201d 2026<\/strong><\/p>\n\n\n\n<p>La Unidad Nacional de Seguridad Vial (UNASEV) y el Observatorio Nacional de Seguridad Vial de Brasil (ONSV) realizaron el lanzamiento internacional de Mayo Amarillo 2026, bajo la consigna \u201cEn el tr\u00e1nsito, ver al otro es salvar vidas\u201d. La campa\u00f1a busca sensibilizar a la sociedad sobre los siniestros de tr\u00e1nsito en todo el mundo. Este a\u00f1o se desarrollar\u00e1n m\u00e1s de 140 actividades en todo el pa\u00eds.<\/p>\n\n\n\n<p>La presentaci\u00f3n internacional del&nbsp;Mayo Amarillo&nbsp;fue realizada ayer lunes 27 de abril en la Torre Ejecutiva. La exposici\u00f3n estuvo a cargo del titular del&nbsp;ONSV,&nbsp;Paulo Guimar\u00e3es Jr.&nbsp;Este organismo es el creador e impulsor del movimiento en el mundo.&nbsp;<\/p>\n\n\n\n<p>El presidente de&nbsp;UNASEV,&nbsp;Marcelo Metediera, valor\u00f3 el hecho de que la presentaci\u00f3n internacional se realice en Uruguay. Asimismo,&nbsp;destac\u00f3 la participaci\u00f3n de distintos organismos en la organizaci\u00f3n de actividades, que superar\u00e1n las 140, asegur\u00f3. <strong>\u201cEl a\u00f1o pasado no hab\u00edamos llegado a 50, o sea que venimos avanzando en el debate de la seguridad vial en el pa\u00eds\u201d, <\/strong>agreg\u00f3.<\/p>\n\n\n\n<p>Entre&nbsp;<a href=\"https:\/\/www.gub.uy\/unidad-nacional-seguridad-vial\/comunicacion\/noticias\/unsev-movimiento-mayo-amarillo-lanzan-campana-internacional-montevideo\">las propuestas<\/a>&nbsp;se destacan actividades en centros educativos y en plazas p\u00fablicas, as\u00ed como obras de teatro y jornadas de concientizaci\u00f3n.<\/p>\n\n\n\n<p>Metediera alert\u00f3 que Uruguay tiene un problema, aludiendo a los datos de siniestralidad vial. Por ello, sostuvo que&nbsp;hay que cambiar el paradigma y realizar un cambio cultural,&nbsp;con participaci\u00f3n de todos. <strong>\u201cLa UNASEV se crea para salvar vidas, cualquier planteo que haga tiene como foco ese cometido\u201d, <\/strong>recalc\u00f3.<\/p>\n\n\n\n<p>En ese sentido, hizo referencia a&nbsp;las l\u00edneas estrat\u00e9gicas del organismo para este quinquenio&nbsp;que, entre otras cosas, involucran la educaci\u00f3n y la participaci\u00f3n social, y que apuntan a&nbsp;revertir la tendencia sostenida de crecimiento de los siniestros y lesionados en el tr\u00e1nsito.<\/p>\n\n\n\n<p>A su turno,&nbsp;Guimar\u00e3es Jr.&nbsp; advirti\u00f3 que&nbsp;1.2 millones de personas pierden sus vidas anualmente en el tr\u00e1nsito.&nbsp;El 92% est\u00e1 en pa\u00edses en desarrollo y un 50% son usuarios vulnerables, como peatones, ciclistas y motociclistas.<\/p>\n\n\n\n<p><strong>LA SEGURIDAD VIAL EN EL CENTRO DE LA AGENDA P\u00daBLICA<\/strong><\/p>\n\n\n\n<p>Mayo Amarillo surgi\u00f3 en Brasil en el a\u00f1o 2014 como respuesta a la&nbsp;D\u00e9cada de Acci\u00f3n para la Seguridad Vial propuesta por Naciones Unidas en el a\u00f1o 2011.&nbsp;<\/p>\n\n\n\n<p>R\u00e1pidamente, se convirti\u00f3 en una iniciativa global de concientizaci\u00f3n que busca reducir la siniestralidad vial mediante la educaci\u00f3n y la responsabilidad compartida,&nbsp;poniendo estos temas en la agenda p\u00fablica durante todo el mes de mayo.&nbsp;<\/p>\n\n\n\n<p>Su distintivo es un lazo amarillo, que simboliza la atenci\u00f3n y las se\u00f1ales preventivas en el tr\u00e1nsito.&nbsp;<\/p>\n\n\n\n<p>La jornada cont\u00f3 con la participaci\u00f3n, adem\u00e1s, de los directores UNASEV,&nbsp;An\u00edbal Pintos&nbsp;y&nbsp;Natalia L\u00f3pez,&nbsp;y su secretaria general ejecutiva,&nbsp;Fernanda Artagaveytia.<\/p>\n","protected":false},"excerpt":{"rendered":"<p>Uruguay fue sede del lanzamiento internacional de \u201cMayo Amarillo\u201d 2026 La Unidad Nacional de Seguridad Vial (UNASEV) y el Observatorio Nacional de Seguridad Vial de Brasil (ONSV) realizaron el lanzamiento internacional de Mayo Amarillo 2026, bajo la consigna \u201cEn el tr\u00e1nsito, ver al otro es salvar vidas\u201d. La campa\u00f1a busca sensibilizar a la sociedad sobre &hellip;<\/p>\n","protected":false},"author":3,"featured_media":31391,"comment_status":"closed","ping_status":"closed","sticky":false,"template":"","format":"standard","meta":{"footnotes":""},"categories":[26,18,17,2,31,1,14],"tags":[],"class_list":["post-31381","post","type-post","status-publish","format-standard","has-post-thumbnail","hentry","category-destacadas","category-locales","category-nacionales","category-politica","category-rio-branco","category-sociales","category-tiempo-libre"],"_links":{"self":[{"href":"https:\/\/elprofesional.uy\/www\/wp-json\/wp\/v2\/posts\/31381","targetHints":{"allow":["GET"]}}],"collection":[{"href":"https:\/\/elprofesional.uy\/www\/wp-json\/wp\/v2\/posts"}],"about":[{"href":"https:\/\/elprofesional.uy\/www\/wp-json\/wp\/v2\/types\/post"}],"author":[{"embeddable":true,"href":"https:\/\/elprofesional.uy\/www\/wp-json\/wp\/v2\/users\/3"}],"replies":[{"embeddable":true,"href":"https:\/\/elprofesional.uy\/www\/wp-json\/wp\/v2\/comments?post=31381"}],"version-history":[{"count":1,"href":"https:\/\/elprofesional.uy\/www\/wp-json\/wp\/v2\/posts\/31381\/revisions"}],"predecessor-version":[{"id":31392,"href":"https:\/\/elprofesional.uy\/www\/wp-json\/wp\/v2\/posts\/31381\/revisions\/31392"}],"wp:featuredmedia":[{"embeddable":true,"href":"https:\/\/elprofesional.uy\/www\/wp-json\/wp\/v2\/media\/31391"}],"wp:attachment":[{"href":"https:\/\/elprofesional.uy\/www\/wp-json\/wp\/v2\/media?parent=31381"}],"wp:term":[{"taxonomy":"category","embeddable":true,"href":"https:\/\/elprofesional.uy\/www\/wp-json\/wp\/v2\/categories?post=31381"},{"taxonomy":"post_tag","embeddable":true,"href":"https:\/\/elprofesional.uy\/www\/wp-json\/wp\/v2\/tags?post=31381"}],"curies":[{"name":"wp","href":"https:\/\/api.w.org\/{rel}","templated":true}]}}