{"id":31380,"date":"2026-04-27T18:57:49","date_gmt":"2026-04-27T21:57:49","guid":{"rendered":"https:\/\/elprofesional.uy\/www\/?p=31380"},"modified":"2026-04-27T18:57:50","modified_gmt":"2026-04-27T21:57:50","slug":"proyectos-en-marcha","status":"publish","type":"post","link":"https:\/\/elprofesional.uy\/www\/archivos\/31380","title":{"rendered":"Proyectos en marcha"},"content":{"rendered":"\n<p><strong>Eliana D\u00edaz en la Junta Departamental<\/strong> <strong>destac\u00f3 acciones del gobierno nacional<\/strong><strong><\/strong><\/p>\n\n\n\n<p>La Edil de la Bancada del Frente Amplio, hizo uso de la Media Hora Previa de la \u00faltima Sesi\u00f3n Ordinaria del Legislativo para resaltar dos acciones del Gobierno Nacional.<\/p>\n\n\n\n<p>Seg\u00fan sostuvo en Sala, estas resoluciones benefician directamente a la poblaci\u00f3n y est\u00e1n vinculadas ambas a la salud: M\u00e9dicos Residentes en Peque\u00f1as localidades y Pesquisas Oftalmol\u00f3gicas.<\/p>\n\n\n\n<p><strong>\u201cMe voy a referir a dos buenas noticias que entiendo importante resaltar porque van en beneficio de la poblaci\u00f3n. Una de ellas pas\u00f3 ac\u00e1 en el departamento el pasado martes 21 y tiene que ver con la puesta en funcionamiento en Cerro Largo, m\u00e1s precisamente en el Municipio de Pl\u00e1cido Rosas, del Plan Piloto de Salud Rural\u201d <\/strong>expres\u00f3 <strong>Eliana D\u00edaz.<\/strong><\/p>\n\n\n\n<p>Record\u00f3 que se trata de un plan que fue dise\u00f1ado e impulsado por quien hoy ocupa la titularidad en el Ministerio de Ganader\u00eda, el Dr. Alfredo Fratti, en momentos que ejerc\u00eda la Diputaci\u00f3n por el departamento de Cerro Largo. <strong>\u201cFue votado en forma un\u00e1nime en el Parlamento, tuvo su presupuesto, pero que lamentablemente el pasado Gobierno, sin dar muchas explicaciones del por qu\u00e9, no lo llev\u00f3 adelante y lo durmi\u00f3 en los cajones de ASSE en cuya Direcci\u00f3n en ese momento estaba a cargo del Dr. Leonardo Cipriani\u201d<\/strong> dijo.<\/p>\n\n\n\n<p><strong>\u201cCon alegr\u00eda hoy podemos decir que el proyecto vive y est\u00e1 en marcha en tres departamentos y alcanzar\u00e1 otras localidades a la brevedad gracias a la inquietud de Diputados como Yisela Araujo y Federico Preve quienes tomaron nuevamente el proyecto, trabajaron y lograron que el mismo finalmente aterrice en varias localidades\u201d <\/strong>destac\u00f3 durante su exposici\u00f3n.<\/p>\n\n\n\n<p>En el caso espec\u00edfico de Cerro Largo, el de Pl\u00e1cido Rosas es el primero de 3 Municipios que contar\u00e1n con este servicio porque alcanzar\u00e1 tambi\u00e9n a Ar\u00e9valo y la Laguna Mer\u00edn. <strong>\u201cAdem\u00e1s, en Yacar\u00e9, departamento de Artigas, y en Gallinal, departamento de Paysand\u00fa, los vecinos de esas zonas ya cuentan con el Equipo de Salud Rural trabajando en la zona\u201d <\/strong>inform\u00f3 la Edil del Frente Amplio.<\/p>\n\n\n\n<p><strong>\u201cSin dudas es una muy buena noticia que debemos compartir y que habla de un Gobierno Nacional que hace y piensa en la gente, sobre todo en aquellos que m\u00e1s no necesitan\u201d <\/strong>remarc\u00f3 D\u00edaz.<\/p>\n\n\n\n<p><strong>PESQUISAS OFTALMOL\u00d3GICAS<\/strong><\/p>\n\n\n\n<p>La Legisladora Departamental agreg\u00f3 que el pr\u00f3ximo 26 de mayo otro servicio de salud <strong>\u201cque comenz\u00f3 con los gobiernos de Izquierda\u201d <\/strong>y que benefici\u00f3 a miles de personas en todo el interior del pa\u00eds, volver\u00e1 a ponerse en marcha.<\/p>\n\n\n\n<p>Lament\u00f3 que las pesquisas oftalmol\u00f3gicas a cargo de los M\u00e9dicos Cubanos del Hospital de Ojos se hayan interrumpido durante la Administraci\u00f3n del Dr. Lacalle Pou.<\/p>\n\n\n\n<p><strong>\u201cNuevamente los jubilados y pensionistas que hace tanto esperan por estas pesquisas y la posibilidad de poder operarse y volver a ver, podr\u00e1n hacerlo ya que esto va a llegar una vez m\u00e1s a Melo\u201d <\/strong>confirm\u00f3.<\/p>\n\n\n\n<p><strong>\u201cEste Gobierno, adem\u00e1s, retom\u00f3 las pesquisas oftalmol\u00f3gicas en ni\u00f1os a trav\u00e9s del Programa Nacional de Salud Visual que hac\u00eda 4 a\u00f1os estaba suspendido y que ya son miles los ni\u00f1os pesquisados, retom\u00e1ndose tambi\u00e9n la entrega de lentes gratuitos a los escolares, agregando que este Programa tambi\u00e9n se va a llevar a todo el pa\u00eds\u201d <\/strong>afirm\u00f3.<\/p>\n\n\n\n<p><strong>\u201cDar estas buenas noticias de proyectos y Leyes que hab\u00edan quedado en suspenso y que hoy se est\u00e1n aplicando, que ata\u00f1en a la salud de la poblaci\u00f3n y a mejorar su calidad de vida en todo el pa\u00eds, me llena de orgullo porque me muestra las acciones de un Gobierno que est\u00e1 pensando en la gente para beneficio de muchos y no de unos pocos\u201d <\/strong>cerr\u00f3 su intervenci\u00f3n Eliana D\u00edaz, Edil Departamental por el Frente Amplio.<\/p>\n","protected":false},"excerpt":{"rendered":"<p>Eliana D\u00edaz en la Junta Departamental destac\u00f3 acciones del gobierno nacional La Edil de la Bancada del Frente Amplio, hizo uso de la Media Hora Previa de la \u00faltima Sesi\u00f3n Ordinaria del Legislativo para resaltar dos acciones del Gobierno Nacional. Seg\u00fan sostuvo en Sala, estas resoluciones benefician directamente a la poblaci\u00f3n y est\u00e1n vinculadas ambas &hellip;<\/p>\n","protected":false},"author":3,"featured_media":31389,"comment_status":"closed","ping_status":"closed","sticky":false,"template":"","format":"standard","meta":{"footnotes":""},"categories":[26,18,17,2,31,1,14],"tags":[],"class_list":["post-31380","post","type-post","status-publish","format-standard","has-post-thumbnail","hentry","category-destacadas","category-locales","category-nacionales","category-politica","category-rio-branco","category-sociales","category-tiempo-libre"],"_links":{"self":[{"href":"https:\/\/elprofesional.uy\/www\/wp-json\/wp\/v2\/posts\/31380","targetHints":{"allow":["GET"]}}],"collection":[{"href":"https:\/\/elprofesional.uy\/www\/wp-json\/wp\/v2\/posts"}],"about":[{"href":"https:\/\/elprofesional.uy\/www\/wp-json\/wp\/v2\/types\/post"}],"author":[{"embeddable":true,"href":"https:\/\/elprofesional.uy\/www\/wp-json\/wp\/v2\/users\/3"}],"replies":[{"embeddable":true,"href":"https:\/\/elprofesional.uy\/www\/wp-json\/wp\/v2\/comments?post=31380"}],"version-history":[{"count":1,"href":"https:\/\/elprofesional.uy\/www\/wp-json\/wp\/v2\/posts\/31380\/revisions"}],"predecessor-version":[{"id":31390,"href":"https:\/\/elprofesional.uy\/www\/wp-json\/wp\/v2\/posts\/31380\/revisions\/31390"}],"wp:featuredmedia":[{"embeddable":true,"href":"https:\/\/elprofesional.uy\/www\/wp-json\/wp\/v2\/media\/31389"}],"wp:attachment":[{"href":"https:\/\/elprofesional.uy\/www\/wp-json\/wp\/v2\/media?parent=31380"}],"wp:term":[{"taxonomy":"category","embeddable":true,"href":"https:\/\/elprofesional.uy\/www\/wp-json\/wp\/v2\/categories?post=31380"},{"taxonomy":"post_tag","embeddable":true,"href":"https:\/\/elprofesional.uy\/www\/wp-json\/wp\/v2\/tags?post=31380"}],"curies":[{"name":"wp","href":"https:\/\/api.w.org\/{rel}","templated":true}]}}