{"id":31379,"date":"2026-04-27T18:57:32","date_gmt":"2026-04-27T21:57:32","guid":{"rendered":"https:\/\/elprofesional.uy\/www\/?p=31379"},"modified":"2026-04-27T18:57:33","modified_gmt":"2026-04-27T21:57:33","slug":"poniendo-el-brazo","status":"publish","type":"post","link":"https:\/\/elprofesional.uy\/www\/archivos\/31379","title":{"rendered":"Poniendo el brazo"},"content":{"rendered":"\n<p><strong>A un mes del comienzo m\u00e1s de 6.000 personas vacunadas contra la gripe<\/strong><\/p>\n\n\n\n<p>A exactamente 30 d\u00edas del inicio de la Campa\u00f1a de Vacunaci\u00f3n 2026, Cerro Largo registra una alta adhesi\u00f3n teniendo en cuenta que las bajas temperaturas reci\u00e9n se hicieron sentir a comienzos de esta semana.<\/p>\n\n\n\n<p>Los ELEPEM ya han sido todos visitados, pero tambi\u00e9n se han hecho jornadas de vacunaci\u00f3n en distintos puntos de la ciudad, caso de la Escuela T\u00e9cnica Melo Norte.<\/p>\n\n\n\n<p>En la jornada de hoy se estar\u00e1 inoculando en las Viviendas del Banco de Previsi\u00f3n Social. A las 8.45 las funcionarias atender\u00e1n en el Complejo Tacuar\u00ed de Luisa Paz y Asociaci\u00f3n Espa\u00f1ola y a las 9.45 en el Complejo Ciudad de Melo ubicado sobre la Avenida Italia.<\/p>\n\n\n\n<p><strong>\u201cLos viernes tenemos un recuento de lo que se hizo en la semana y, a partir de ah\u00ed, vamos sumando a lo que se hizo desde el comienzo de la campa\u00f1a. En este momento llevamos 6.092 vacunas administradas\u201d <\/strong>revel\u00f3 <strong>Cecilia Guasque.<\/strong><\/p>\n\n\n\n<p><strong>\u201cAhora s\u00ed, ya llegaron los fr\u00edos, por lo tanto, esperamos que la poblaci\u00f3n se anime a vacunarse\u201d <\/strong>dijo la Encargada del Centro Tisiol\u00f3gico de Melo.<\/p>\n\n\n\n<p><strong>\u201cHoy estamos a un mes de haber comenzado la campa\u00f1a y estamos con buenos n\u00fameros\u201d <\/strong>se\u00f1al\u00f3. <strong>\u201cEsta cifra podr\u00eda mejorar un poco, pero entendemos que ahora con esta baja en las temperaturas la gente va a concurrir en mayor n\u00famero\u201d <\/strong>a\u00f1adi\u00f3.<\/p>\n\n\n\n<p><strong>\u201cLos Establecimientos de Larga Estad\u00eda para Adultos Mayores ya est\u00e1 todos cubiertos\u201d <\/strong>confirm\u00f3.<\/p>\n\n\n\n<p>Los grupos prioritarios contin\u00faan siendo los ni\u00f1os mayores de 6 meses, embarazadas, personal de la salud, docentes y adultos mayores. <strong>\u201cEsta vacuna ayuda mucho con el tema de las complicaciones\u201d <\/strong>record\u00f3.<\/p>\n\n\n\n<p><strong>MUCHOS PUNTOS DE VACUNACI\u00d3N<\/strong><\/p>\n\n\n\n<p>Los buenos indicadores corresponden tambi\u00e9n a una diversificaci\u00f3n en cuanto a los lugares donde la poblaci\u00f3n objetivo puede recibir la dosis de la vacuna de la gripe.<\/p>\n\n\n\n<p><strong>\u201cFelizmente tenemos una joven vacunadora que recorre todas las poblaciones rurales, raz\u00f3n por la cual a la gente se le hace m\u00e1s f\u00e1cil llegar a la vacuna\u201d <\/strong>puntualiz\u00f3 Cecilia Guasque.<\/p>\n\n\n\n<p><strong>\u201cEn lo personal, estuve en la Escuela T\u00e9cnica Melo Norte el mi\u00e9rcoles de la semana pasada. Se realizaron 30 vacunas antigripales\u201d <\/strong>confirm\u00f3 a <strong>EL PROFESIONAL Radio.<\/strong><\/p>\n\n\n\n<p>VACUNA DEL HPV.<\/p>\n\n\n\n<p><strong>\u201cTodos los puestos de vacunaci\u00f3n cuentan con esta vacuna\u201d <\/strong>asegur\u00f3 la Encargada del Centro Tisiol\u00f3gico de Melo.<\/p>\n\n\n\n<p><strong>\u201cEst\u00e1 dirigida a ni\u00f1os y ni\u00f1as desde los 11 a\u00f1os hasta los 26 con una \u00fanica dosis. Las personas de 27 a\u00f1os a 45 deben concurrir con una orden m\u00e9dica especificando la cantidad de dosis y el motivo porque no es para todas las personas que se encuentren en esa franja etaria\u201d <\/strong>aclar\u00f3. <strong>\u201cEs solo para quienes tienen lesiones\u201d <\/strong>dijo.<\/p>\n\n\n\n<p><strong>\u201cAhora es una dosis \u00fanica\u201d <\/strong>recalc\u00f3. <strong>\u201cLas personas que tengan una dosis o dos en el caso de la campa\u00f1a anterior, quedan con esas dosis, no se tienen que dar una de esta. La otra era de 4 genotipos y la vacuna que vino ahora es de 9 genotipos\u201d <\/strong>explic\u00f3.<\/p>\n\n\n\n<p><strong>\u201cLa vacuna es diferente, por eso ahora quedan con una \u00fanica dosis\u201d <\/strong>ampli\u00f3. <strong>\u201cYa est\u00e1 disponible en todos los centros de vacunaci\u00f3n\u201d <\/strong>asegur\u00f3 Cecilia Guasque.<\/p>\n\n\n\n<p><strong>HORARIOS DE MELO Y R\u00cdO BRANCO<\/strong><\/p>\n\n\n\n<p>En las dos ciudades m\u00e1s habitadas del departamento, la Comisi\u00f3n Honoraria de Lucha Antituberculosa y Enfermedades Prevalentes tiene una presencia permanente.<\/p>\n\n\n\n<p>En el Centro Tisiol\u00f3gico de Melo se atiende de 7.30 a 13.30 y en el Sub Centro Perif\u00e9rico de R\u00edo Branco de 8 a 13 horas.<\/p>\n\n\n\n<p><strong>PONI\u00c9NDONOS AL D\u00cdA<\/strong><\/p>\n\n\n\n<p><strong>\u201cSiempre se encuentran algunos atrasos, pero son pocos\u201d<\/strong> dijo Cecilia Guasque en relaci\u00f3n a las dem\u00e1s vacunas del Esquena.<\/p>\n\n\n\n<p><strong>\u201cComparado a a\u00f1os anteriores, va disminuyendo ese atraso\u201d <\/strong>estim\u00f3. <strong>\u201cEn eso, el control en las escuelas ayuda much\u00edsimo\u201d <\/strong>destac\u00f3.<\/p>\n\n\n\n<p><strong>\u201cLa colaboraci\u00f3n que los docentes puedan darnos es fundamental, con el cheque para determinar a quienes les falta y a quienes no\u201d <\/strong>expres\u00f3. <strong>\u201cSiempre algunas personas van quedando, pero mucho menos felizmente\u201d <\/strong>reiter\u00f3 la Encargada del Centro Tisiol\u00f3gico.<\/p>\n","protected":false},"excerpt":{"rendered":"<p>A un mes del comienzo m\u00e1s de 6.000 personas vacunadas contra la gripe A exactamente 30 d\u00edas del inicio de la Campa\u00f1a de Vacunaci\u00f3n 2026, Cerro Largo registra una alta adhesi\u00f3n teniendo en cuenta que las bajas temperaturas reci\u00e9n se hicieron sentir a comienzos de esta semana. Los ELEPEM ya han sido todos visitados, pero &hellip;<\/p>\n","protected":false},"author":3,"featured_media":31387,"comment_status":"closed","ping_status":"closed","sticky":false,"template":"","format":"standard","meta":{"footnotes":""},"categories":[26,18,17,2,31,1,14],"tags":[],"class_list":["post-31379","post","type-post","status-publish","format-standard","has-post-thumbnail","hentry","category-destacadas","category-locales","category-nacionales","category-politica","category-rio-branco","category-sociales","category-tiempo-libre"],"_links":{"self":[{"href":"https:\/\/elprofesional.uy\/www\/wp-json\/wp\/v2\/posts\/31379","targetHints":{"allow":["GET"]}}],"collection":[{"href":"https:\/\/elprofesional.uy\/www\/wp-json\/wp\/v2\/posts"}],"about":[{"href":"https:\/\/elprofesional.uy\/www\/wp-json\/wp\/v2\/types\/post"}],"author":[{"embeddable":true,"href":"https:\/\/elprofesional.uy\/www\/wp-json\/wp\/v2\/users\/3"}],"replies":[{"embeddable":true,"href":"https:\/\/elprofesional.uy\/www\/wp-json\/wp\/v2\/comments?post=31379"}],"version-history":[{"count":1,"href":"https:\/\/elprofesional.uy\/www\/wp-json\/wp\/v2\/posts\/31379\/revisions"}],"predecessor-version":[{"id":31388,"href":"https:\/\/elprofesional.uy\/www\/wp-json\/wp\/v2\/posts\/31379\/revisions\/31388"}],"wp:featuredmedia":[{"embeddable":true,"href":"https:\/\/elprofesional.uy\/www\/wp-json\/wp\/v2\/media\/31387"}],"wp:attachment":[{"href":"https:\/\/elprofesional.uy\/www\/wp-json\/wp\/v2\/media?parent=31379"}],"wp:term":[{"taxonomy":"category","embeddable":true,"href":"https:\/\/elprofesional.uy\/www\/wp-json\/wp\/v2\/categories?post=31379"},{"taxonomy":"post_tag","embeddable":true,"href":"https:\/\/elprofesional.uy\/www\/wp-json\/wp\/v2\/tags?post=31379"}],"curies":[{"name":"wp","href":"https:\/\/api.w.org\/{rel}","templated":true}]}}