{"id":31378,"date":"2026-04-27T18:57:13","date_gmt":"2026-04-27T21:57:13","guid":{"rendered":"https:\/\/elprofesional.uy\/www\/?p=31378"},"modified":"2026-04-27T18:57:14","modified_gmt":"2026-04-27T21:57:14","slug":"aprender-en-paz","status":"publish","type":"post","link":"https:\/\/elprofesional.uy\/www\/archivos\/31378","title":{"rendered":"Aprender en paz"},"content":{"rendered":"\n<p><strong>En repudio a la violencia Maestros marcharon por el centro de la ciudad<\/strong><strong><\/strong><\/p>\n\n\n\n<p>Un alto acatamiento tuvo la convocatoria que realiz\u00f3 la Asociaci\u00f3n Magisterial de Cerro Largo a un paro departamental con posterior concentraci\u00f3n, movilizaci\u00f3n y lectura de una proclama.<\/p>\n\n\n\n<p>El motivo de la medida, que se efectiviz\u00f3 el pasado viernes 24 de abril, fue un hecho violento desde un alumno a una Maestra, ocurrido hace unos 10 d\u00edas en la capital departamental.<\/p>\n\n\n\n<p><strong>\u201cDesde la Asociaci\u00f3n Magisterial de Cerro Largo saludamos a cada docente, no docente y ciudadano que hoy nos acompa\u00f1a en esta movilizaci\u00f3n\u201d <\/strong>sostuvo el Presidente del Sindicato.<\/p>\n\n\n\n<p><strong>\u201cNos moviliza y sensibiliza una situaci\u00f3n de violencia f\u00edsica puntual acaecida en el departamento en contra de una colega docente a la cual saludamos y acompa\u00f1amos, pero m\u00e1s que eso nos movilizan las diversas situaciones que en estos \u00faltimos a\u00f1os hemos venido sufriendo en nuestras escuelas\u201d <\/strong>expres\u00f3 el <strong>Maestro Fernando Senllanes.<\/strong><\/p>\n\n\n\n<p><strong>\u201cPor esto, alzamos la voz en pos de lograr una educaci\u00f3n sin hechos de violencia, con sensibilidad y coherencia institucional. Consideramos que la salud de los docentes debe ser cuidada, puesto que antes que docentes somos personas que vuelcan todo de s\u00ed en favor de una educaci\u00f3n de calidad verdaderamente\u201d <\/strong>manifest\u00f3.<\/p>\n\n\n\n<p><strong>\u201cHoy, marchamos por nuestras escuelas, por nuestros ni\u00f1os y por su derecho a aprender en paz\u201d <\/strong>remarc\u00f3.<\/p>\n\n\n\n<p><strong>\u201cEscuchamos a diario hablar sobre la instalaci\u00f3n de la violencia en nuestra sociedad, pero nos preguntamos, \u00bfqui\u00e9nes permitimos que eso suceda?\u201d <\/strong>plante\u00f3 Senllanes. <strong>\u201cLa violencia, en cualquiera de sus expresiones, es responsabilidad de todos porque la violencia no educa, no construye, no forma, no aporta a la construcci\u00f3n de la sociedad, la violencia lastima, excluye y deja huellas\u201d <\/strong>dijo.<\/p>\n\n\n\n<p><strong>\u201cCada golpe, cada insulto, cada amenaza, es una herida que no podemos seguir ignorando y es una herida que no vamos a permitir que se naturalice. Nos est\u00e1n quitando algo esencial: el derecho a educar y a aprender en paz\u201d <\/strong>subray\u00f3 el Presidente de la Asociaci\u00f3n Magisterial de Cerro Largo.<\/p>\n\n\n\n<p><strong>\u201cPor eso hoy decimos, con respeto s\u00ed, pero con firmeza, exigimos respeto, exigimos cuidado, exigimos respuestas\u201d <\/strong>enfatiz\u00f3 durante la lectura de la proclama en Plaza Independencia. <strong>\u201cExigimos condiciones dignas para ense\u00f1ar y aprender sin miedo, queremos aulas donde se escuche, se respete y se cuide, donde la palabra reemplace al golpe y el di\u00e1logo sea el camino\u201d <\/strong>ampli\u00f3.<\/p>\n\n\n\n<p><strong>\u201cLa escuela debe ser un lugar seguro, de encuentro y de crecimiento porque no hay educaci\u00f3n posible en la violencia y no hay futuro donde el miedo gobierne\u201d <\/strong>sostuvo.<\/p>\n\n\n\n<p>Fernando Senllanes dijo que los Maestros son aliados de los padres en la educaci\u00f3n de sus hijos. <strong>\u201cNo somos subordinados, el repeto empieza por dejar en claro y establecer los roles de cada uno. La educaci\u00f3n es un trabajo que se construye en conjunto, no desde la imposici\u00f3n ni desde el grito, sino es un trabajo colaborativo: familia, escuela y comunidad\u201d <\/strong>remarc\u00f3.<\/p>\n\n\n\n<p><strong>\u201cHoy alzamos la voz por todos nuestros ni\u00f1os, por cada docente que trabaja en las aulas y por toda la comunidad educativa, porque la violencia f\u00edsica, verbal, simb\u00f3lica o institucional no tiene lugar en la escuela p\u00fablica, porque la ira y la intolerancia son enemigas del saber, porque el silencio tambi\u00e9n lastima y porque defender la educaci\u00f3n es defender el futuro de los ni\u00f1os y las ni\u00f1as de la tierra\u201d <\/strong>expres\u00f3.<\/p>\n\n\n\n<p><strong>\u201cAl decir de Gandhi, no hay camino para la paz, la paz es el camino\u201d <\/strong>cerr\u00f3 la proclama el Presidente de la Asociaci\u00f3n Magisterial de Cerro Largo, Maestro Fernando Senllanes.<\/p>\n","protected":false},"excerpt":{"rendered":"<p>En repudio a la violencia Maestros marcharon por el centro de la ciudad Un alto acatamiento tuvo la convocatoria que realiz\u00f3 la Asociaci\u00f3n Magisterial de Cerro Largo a un paro departamental con posterior concentraci\u00f3n, movilizaci\u00f3n y lectura de una proclama. El motivo de la medida, que se efectiviz\u00f3 el pasado viernes 24 de abril, fue &hellip;<\/p>\n","protected":false},"author":3,"featured_media":31385,"comment_status":"closed","ping_status":"closed","sticky":false,"template":"","format":"standard","meta":{"footnotes":""},"categories":[26,18,17,2,31,1,14],"tags":[],"class_list":["post-31378","post","type-post","status-publish","format-standard","has-post-thumbnail","hentry","category-destacadas","category-locales","category-nacionales","category-politica","category-rio-branco","category-sociales","category-tiempo-libre"],"_links":{"self":[{"href":"https:\/\/elprofesional.uy\/www\/wp-json\/wp\/v2\/posts\/31378","targetHints":{"allow":["GET"]}}],"collection":[{"href":"https:\/\/elprofesional.uy\/www\/wp-json\/wp\/v2\/posts"}],"about":[{"href":"https:\/\/elprofesional.uy\/www\/wp-json\/wp\/v2\/types\/post"}],"author":[{"embeddable":true,"href":"https:\/\/elprofesional.uy\/www\/wp-json\/wp\/v2\/users\/3"}],"replies":[{"embeddable":true,"href":"https:\/\/elprofesional.uy\/www\/wp-json\/wp\/v2\/comments?post=31378"}],"version-history":[{"count":1,"href":"https:\/\/elprofesional.uy\/www\/wp-json\/wp\/v2\/posts\/31378\/revisions"}],"predecessor-version":[{"id":31386,"href":"https:\/\/elprofesional.uy\/www\/wp-json\/wp\/v2\/posts\/31378\/revisions\/31386"}],"wp:featuredmedia":[{"embeddable":true,"href":"https:\/\/elprofesional.uy\/www\/wp-json\/wp\/v2\/media\/31385"}],"wp:attachment":[{"href":"https:\/\/elprofesional.uy\/www\/wp-json\/wp\/v2\/media?parent=31378"}],"wp:term":[{"taxonomy":"category","embeddable":true,"href":"https:\/\/elprofesional.uy\/www\/wp-json\/wp\/v2\/categories?post=31378"},{"taxonomy":"post_tag","embeddable":true,"href":"https:\/\/elprofesional.uy\/www\/wp-json\/wp\/v2\/tags?post=31378"}],"curies":[{"name":"wp","href":"https:\/\/api.w.org\/{rel}","templated":true}]}}