{"id":31352,"date":"2026-04-24T19:51:06","date_gmt":"2026-04-24T22:51:06","guid":{"rendered":"https:\/\/elprofesional.uy\/www\/?p=31352"},"modified":"2026-04-24T19:51:07","modified_gmt":"2026-04-24T22:51:07","slug":"preocupa-2","status":"publish","type":"post","link":"https:\/\/elprofesional.uy\/www\/archivos\/31352","title":{"rendered":"Preocupa"},"content":{"rendered":"\n<p><strong>Negro reconoci\u00f3 que \u201chay incremento de la violencia\u201d tras hechos de las \u00faltimas horas<\/strong><\/p>\n\n\n\n<p>El ministro habl\u00f3 en rueda prensa y sostuvo que el incremento de estos sucesos genera preocupaci\u00f3n en la poblaci\u00f3n y en las autoridades.<\/p>\n\n\n\n<p>El ministro del Interior, Carlos Negro, se refiri\u00f3 a hechos de violencia que han tenido lugar en el \u00faltimo tiempo,<a href=\"https:\/\/www.montevideo.com.uy\/Noticias\/Desmayado-a-golpes-Ucot-para-hoy-por-brutal-agresion-a-un-chofer-en-medio-de-una-avenida-uc960011\" target=\"_blank\" rel=\"noreferrer noopener\">&nbsp;<\/a>como la agresi\u00f3n al chofer de UCOT&nbsp;que termin\u00f3 con la p\u00e9rdida de conocimiento del hombre&nbsp;o&nbsp;las recientes amenazas de tiroteos escolares en centros educativos.<\/p>\n\n\n\n<p>El jerarca sostuvo, en una rueda de prensa consignada por&nbsp;<em>Telenoche (Canal 4),&nbsp;<\/em>que:<strong>&nbsp;\u201cEn todos lados hay un incremento de la violencia que nos preocupa, al Ministerio del Interior, a todas las agencias del Estado y a toda la poblaci\u00f3n\u201d.<\/strong><\/p>\n\n\n\n<p>Negro agreg\u00f3 que:&nbsp;<strong>\u201cNos estamos acostumbrando a ver manifestaciones de violencia extrema en la v\u00eda p\u00fablica\u201d<\/strong> y a\u00f1adi\u00f3 que son episodios de violencia que <strong>\u201cnos dan la pauta del mundo en el que vivimos\u201d.<\/strong><\/p>\n\n\n\n<p>Consultado por las amenazas de tiroteos en centros educativos, el ministro afirm\u00f3 que la cartera trabaja&nbsp;<strong>\u201cfuertemente\u201d&nbsp;<\/strong>en conjunto con el Ministerio de Educaci\u00f3n y Cultura y agreg\u00f3 que se est\u00e1 <strong>\u201cviendo que la situaci\u00f3n est\u00e1 controlada, que no ha habido situaciones de peligro\u201d<\/strong> y que <strong>\u201cno hay que perderle cuidado porque sabemos la cantidad de armas que hay en la poblaci\u00f3n civil\u201d.<\/strong><\/p>\n","protected":false},"excerpt":{"rendered":"<p>Negro reconoci\u00f3 que \u201chay incremento de la violencia\u201d tras hechos de las \u00faltimas horas El ministro habl\u00f3 en rueda prensa y sostuvo que el incremento de estos sucesos genera preocupaci\u00f3n en la poblaci\u00f3n y en las autoridades. El ministro del Interior, Carlos Negro, se refiri\u00f3 a hechos de violencia que han tenido lugar en el &hellip;<\/p>\n","protected":false},"author":3,"featured_media":31365,"comment_status":"closed","ping_status":"closed","sticky":false,"template":"","format":"standard","meta":{"footnotes":""},"categories":[26,18,17,2,31,1,14],"tags":[],"class_list":["post-31352","post","type-post","status-publish","format-standard","has-post-thumbnail","hentry","category-destacadas","category-locales","category-nacionales","category-politica","category-rio-branco","category-sociales","category-tiempo-libre"],"_links":{"self":[{"href":"https:\/\/elprofesional.uy\/www\/wp-json\/wp\/v2\/posts\/31352","targetHints":{"allow":["GET"]}}],"collection":[{"href":"https:\/\/elprofesional.uy\/www\/wp-json\/wp\/v2\/posts"}],"about":[{"href":"https:\/\/elprofesional.uy\/www\/wp-json\/wp\/v2\/types\/post"}],"author":[{"embeddable":true,"href":"https:\/\/elprofesional.uy\/www\/wp-json\/wp\/v2\/users\/3"}],"replies":[{"embeddable":true,"href":"https:\/\/elprofesional.uy\/www\/wp-json\/wp\/v2\/comments?post=31352"}],"version-history":[{"count":1,"href":"https:\/\/elprofesional.uy\/www\/wp-json\/wp\/v2\/posts\/31352\/revisions"}],"predecessor-version":[{"id":31366,"href":"https:\/\/elprofesional.uy\/www\/wp-json\/wp\/v2\/posts\/31352\/revisions\/31366"}],"wp:featuredmedia":[{"embeddable":true,"href":"https:\/\/elprofesional.uy\/www\/wp-json\/wp\/v2\/media\/31365"}],"wp:attachment":[{"href":"https:\/\/elprofesional.uy\/www\/wp-json\/wp\/v2\/media?parent=31352"}],"wp:term":[{"taxonomy":"category","embeddable":true,"href":"https:\/\/elprofesional.uy\/www\/wp-json\/wp\/v2\/categories?post=31352"},{"taxonomy":"post_tag","embeddable":true,"href":"https:\/\/elprofesional.uy\/www\/wp-json\/wp\/v2\/tags?post=31352"}],"curies":[{"name":"wp","href":"https:\/\/api.w.org\/{rel}","templated":true}]}}