{"id":31351,"date":"2026-04-24T19:50:43","date_gmt":"2026-04-24T22:50:43","guid":{"rendered":"https:\/\/elprofesional.uy\/www\/?p=31351"},"modified":"2026-04-24T19:50:44","modified_gmt":"2026-04-24T22:50:44","slug":"exito-total-2","status":"publish","type":"post","link":"https:\/\/elprofesional.uy\/www\/archivos\/31351","title":{"rendered":"\u00c9xito total"},"content":{"rendered":"\n<p><strong>Ni\u00f1os rurales participaron en actividades del Festival de Eureka<\/strong><\/p>\n\n\n\n<p>En el sal\u00f3n principal del Centro Uni\u00f3n Obrero se realizaron las actividades previstas en el Festival Eureka Learning Days que organizaci\u00f3n Ed\u00facate Uruguay en conjunto con las autoridades de educaci\u00f3n Primaria del departamento.<\/p>\n\n\n\n<p>Decenas de ni\u00f1os que asisten diariamente a escuelas rurales participaron de diferentes actividades durante dos jornadas de intercambio puro.<\/p>\n\n\n\n<p><strong>\u201cDesde Ed\u00facate Uruguay estamos muy contentos porque por 4\u00aa vez Eureka Learning Days se hace en el pa\u00eds. Ahora tenemos este ejemplo de Cerro Largo que en realidad se replic\u00f3 a lo largo de todo el territorio nacional jueves 23 y viernes 24 de abril, as\u00ed como tambi\u00e9n algunas actividades el s\u00e1bado 25\u201d <\/strong>coment\u00f3 <strong>Luc\u00eda Obes.<\/strong><\/p>\n\n\n\n<p><strong>\u201cDurante estos d\u00edas ocurrieron muchos encuentros de aprendizaje en escuelas y en espacios como este \u2013CUO- comunitarios, reuniendo a ni\u00f1os docentes, emprendedores, organizaciones y autoridades\u201d <\/strong>destac\u00f3.<\/p>\n\n\n\n<p><strong>\u201cAqu\u00ed en el Centro Uni\u00f3n Obrero todo se desarroll\u00f3 de una manera incre\u00edble. Los ni\u00f1os muy felices, hay algunos que recorrieron 170 kil\u00f3metros para llegar hasta aqu\u00ed seg\u00fan nos contaba alguna maestra\u201d <\/strong>revel\u00f3 una de las integrantes de Ed\u00facate Uruguay.<\/p>\n\n\n\n<p>Aprendieron desde elaborar recetas culinarias hasta de qu\u00e9 manera cuidar el recurso h\u00eddrico. Tambi\u00e9n hicieron actividades de arte expresando distintas emociones, con mucho tiempo compartido entre los mismos ni\u00f1os. <strong>\u201cEsto se replic\u00f3 en varios puntos del pa\u00eds con tem\u00e1tica de tecnolog\u00eda, de arte, de ciencia y de naturaleza\u201d <\/strong>detall\u00f3 Obes.<\/p>\n\n\n\n<p>Se espera que en esta 4\u00aa edici\u00f3n del festival se haya superado la barrera de los 5.000 habitantes porque ese fue el n\u00famero en a\u00f1os anteriores.<\/p>\n\n\n\n<p><strong>\u201cTuvimos m\u00e1s de 80 eventos sucediendo en todo el pa\u00eds\u201d <\/strong>remarc\u00f3 en entrevista con <strong>EL PROFESIONAL Diario. \u201cEso es gracias a docentes que se sumaron, a personas, a organizaciones y a los ni\u00f1os que felizmente participaron de todas las actividades\u201d <\/strong>resalt\u00f3.<\/p>\n\n\n\n<p><strong>\u201cDesde Ed\u00facate Uruguay, la organizaci\u00f3n que impulsa esta actividad gracias tambi\u00e9n a Remake Learning que es una organizaci\u00f3n estadounidense, con el apoyo en Cerro Largo de la Intendencia y del \u00c1rea de Educaci\u00f3n Rural de Primaria, que se sumaron a la propuesta, vivimos d\u00edas sumamente productivos para la motivaci\u00f3n en el aprendizaje y la educaci\u00f3n\u201d <\/strong>manifest\u00f3.<\/p>\n\n\n\n<p><strong>ACORTANDO DISTANCIAS<\/strong><\/p>\n\n\n\n<p><strong>\u201cLos ni\u00f1os de 5 escuelas que se acercaron hasta ac\u00e1 a trav\u00e9s del \u00c1rea de Educaci\u00f3n Rural para aprovechar esta oportunidad que nosotros generamos desde Ed\u00facate Uruguay, estuvieron interconect\u00e1ndose con otros ni\u00f1os\u201d <\/strong>subray\u00f3. <strong>\u201cTodos los ni\u00f1os estuvieron mezclados unos con otros, se est\u00e1n conociendo, est\u00e1n interactuando ni\u00f1os de diferentes escuelas, provenientes de distintas realidades. Las Maestras est\u00e1n a su vez conviviendo con emprendedores, con propuestas nuevas\u201d <\/strong>agreg\u00f3.<\/p>\n\n\n\n<p><strong>\u201cEs una oportunidad muy linda que tenemos en este momento del a\u00f1o\u201d <\/strong>puntualiz\u00f3. <strong>\u201cNos dec\u00edan los maestros que todo esto que vivimos, nos sirve de insumo para trabajar de ac\u00e1 para adelante, el resto del a\u00f1o, con ideas, con propuestas, con investigaciones. Se fueron con mucha informaci\u00f3n y con mucha motivaci\u00f3n para seguir investigando e interes\u00e1ndose por otras tem\u00e1ticas desde otro punto de vista\u201d <\/strong>destac\u00f3 Luc\u00eda Obes de Ed\u00facate Uruguay.<\/p>\n","protected":false},"excerpt":{"rendered":"<p>Ni\u00f1os rurales participaron en actividades del Festival de Eureka En el sal\u00f3n principal del Centro Uni\u00f3n Obrero se realizaron las actividades previstas en el Festival Eureka Learning Days que organizaci\u00f3n Ed\u00facate Uruguay en conjunto con las autoridades de educaci\u00f3n Primaria del departamento. Decenas de ni\u00f1os que asisten diariamente a escuelas rurales participaron de diferentes actividades &hellip;<\/p>\n","protected":false},"author":3,"featured_media":31363,"comment_status":"closed","ping_status":"closed","sticky":false,"template":"","format":"standard","meta":{"footnotes":""},"categories":[26,18,17,2,31,1,14],"tags":[],"class_list":["post-31351","post","type-post","status-publish","format-standard","has-post-thumbnail","hentry","category-destacadas","category-locales","category-nacionales","category-politica","category-rio-branco","category-sociales","category-tiempo-libre"],"_links":{"self":[{"href":"https:\/\/elprofesional.uy\/www\/wp-json\/wp\/v2\/posts\/31351","targetHints":{"allow":["GET"]}}],"collection":[{"href":"https:\/\/elprofesional.uy\/www\/wp-json\/wp\/v2\/posts"}],"about":[{"href":"https:\/\/elprofesional.uy\/www\/wp-json\/wp\/v2\/types\/post"}],"author":[{"embeddable":true,"href":"https:\/\/elprofesional.uy\/www\/wp-json\/wp\/v2\/users\/3"}],"replies":[{"embeddable":true,"href":"https:\/\/elprofesional.uy\/www\/wp-json\/wp\/v2\/comments?post=31351"}],"version-history":[{"count":1,"href":"https:\/\/elprofesional.uy\/www\/wp-json\/wp\/v2\/posts\/31351\/revisions"}],"predecessor-version":[{"id":31364,"href":"https:\/\/elprofesional.uy\/www\/wp-json\/wp\/v2\/posts\/31351\/revisions\/31364"}],"wp:featuredmedia":[{"embeddable":true,"href":"https:\/\/elprofesional.uy\/www\/wp-json\/wp\/v2\/media\/31363"}],"wp:attachment":[{"href":"https:\/\/elprofesional.uy\/www\/wp-json\/wp\/v2\/media?parent=31351"}],"wp:term":[{"taxonomy":"category","embeddable":true,"href":"https:\/\/elprofesional.uy\/www\/wp-json\/wp\/v2\/categories?post=31351"},{"taxonomy":"post_tag","embeddable":true,"href":"https:\/\/elprofesional.uy\/www\/wp-json\/wp\/v2\/tags?post=31351"}],"curies":[{"name":"wp","href":"https:\/\/api.w.org\/{rel}","templated":true}]}}