{"id":31350,"date":"2026-04-24T19:50:24","date_gmt":"2026-04-24T22:50:24","guid":{"rendered":"https:\/\/elprofesional.uy\/www\/?p=31350"},"modified":"2026-04-24T19:50:25","modified_gmt":"2026-04-24T22:50:25","slug":"buena-matricula","status":"publish","type":"post","link":"https:\/\/elprofesional.uy\/www\/archivos\/31350","title":{"rendered":"Buena matr\u00edcula"},"content":{"rendered":"\n<p><strong>M\u00e1s de 300 alumnos en Escuela T\u00e9cnica Melo Norte que espera proyecto de nuevo edificio<\/strong><strong><\/strong><\/p>\n\n\n\n<p>Con una asistencia regular de casi 300 estudiantes por d\u00eda, el centro educativo contin\u00faa en forma totalmente normal con los cursos del a\u00f1o lectivo 2026.<\/p>\n\n\n\n<p>Cabe recordar que la instituci\u00f3n funciona bajo la modalidad Mar\u00eda Esp\u00ednola en las clases de Educaci\u00f3n B\u00e1sica Integral (EBI) por lo que los alumnos permanecen durante todo el d\u00eda en la instituci\u00f3n, recibiendo, adem\u00e1s de la formaci\u00f3n habitual, formaci\u00f3n en talleres junto a un completo servicio de alimentaci\u00f3n.<\/p>\n\n\n\n<p>En materia edilicia, la Escuela T\u00e9cnica Melo Norte aguarda con expectativa una definici\u00f3n en cuanto a ubicaci\u00f3n y caracter\u00edsticas del nuevo local que ser\u00eda construido en el actual quinquenio.<\/p>\n\n\n\n<p><strong>\u201cLas clases vienen desarroll\u00e1ndose con normalidad. Los cursos de EBI de 8 a 16 horas con desayuno, almuerzo y merienda, mientras que a partir de 18.20 comienzan su jornada educativa los cursos de Bachillerato y Rumbo\u201d <\/strong>inform\u00f3 la <strong>Profesora Karen Oviedo.<\/strong><\/p>\n\n\n\n<p><strong>\u201cTenemos una matr\u00edcula de 291 estudiantes asistiendo\u201d <\/strong>confirm\u00f3 a <strong>EL PROFESIONAL Diario.<\/strong><\/p>\n\n\n\n<p><strong>\u201cAdem\u00e1s, estamos esperando el proyecto del nuevo edificio\u201d <\/strong>remarc\u00f3 la Directora del Centro Educativo dependiente de la Direcci\u00f3n General de Educaci\u00f3n T\u00e9cnico Profesional.<\/p>\n\n\n\n<p><strong>\u201cA\u00f1o a a\u00f1o crecemos en matr\u00edcula y en materia de cursos tambi\u00e9n\u201d <\/strong>puntualiz\u00f3 Oviedo m\u00e1s adelante.<\/p>\n\n\n\n<p><strong>\u201cCuando se concrete el nuevo edificio, por el que estamos a la espera, nos abrir\u00e1 la posibilidad de ofrecer mejores cursos y diversidad de propuestas\u201d <\/strong>manifest\u00f3.<\/p>\n\n\n\n<p>Cabe recordar que la Escuela T\u00e9cnica Melo Norte est\u00e1 funcionando en un local que fue construido para panader\u00eda. Con el correr de los a\u00f1os ha sido refaccionado, pero las instalaciones no son las m\u00e1s adecuadas para una instituci\u00f3n de ense\u00f1anza, m\u00e1s all\u00e1 que se incorporaron incluso aulas prefabricadas.<\/p>\n\n\n\n<p>Todav\u00eda no existe certeza del lugar donde estar\u00eda ubicado el nuevo edificio, seg\u00fan coment\u00f3 la Profesora Karen Oviedo. <strong>\u201cNo tenemos nada concreto\u201d <\/strong>dijo. <strong>\u201cEso no se ha definido por parte de las autoridades de UTU porque este predio puede resultar muy peque\u00f1o. No tenemos nada concreto a\u00fan\u201d <\/strong>insisti\u00f3.<\/p>\n\n\n\n<p><strong>\u201cLo importante ac\u00e1 es que se construya y que nosotros podamos ampliar la oferta\u201d <\/strong>remarc\u00f3.<\/p>\n\n\n\n<p><strong>TIEMPO EXTENDIDO EN EBI<\/strong><\/p>\n\n\n\n<p><strong>\u201cContinuamos funcionando en modalidad Mar\u00eda Esp\u00ednola para los adolescentes que cursan educaci\u00f3n media b\u00e1sica\u201d <\/strong>record\u00f3 Karen Oviedo.<\/p>\n\n\n\n<p>Los estudiantes ingresan a la hora 8 y se retiran a las 16.<\/p>\n\n\n\n<p><strong>CAPACITACIONES A CONFIRMAR<\/strong><\/p>\n\n\n\n<p>La Direcci\u00f3n y Cuerpo Docente est\u00e1n a la espera de confirmaciones en cuanto a las capacitaciones que se estar\u00edan dictando desde la Escuela T\u00e9cnica Melo Norte.<\/p>\n\n\n\n<p><strong>\u201cEn total son dos y en ambas hay un muy buen n\u00famero de personas interesadas\u201d <\/strong>asegur\u00f3. <strong>\u201cSe trata de Operador Inform\u00e1tico y Atenci\u00f3n al P\u00fablico y al Cliente\u201d <\/strong>inform\u00f3. <strong>\u201cTodav\u00eda no nos han confirmado nada\u201d <\/strong>dijo.<\/p>\n\n\n\n<p><strong>\u201cHa habido una gran demanda de la comunidad. Estamos con lista de espera\u201d <\/strong>indic\u00f3.<\/p>\n\n\n\n<p>La instituci\u00f3n se ha constituido como Centro de Referencia para toda la zona norte de la ciudad capital. <strong>\u201cEs fundamental que la gente lo sienta as\u00ed, que se acerque siempre que podamos ofrecer distintas oportunidades para la poblaci\u00f3n. Tenemos varias actividades planificadas para todo el a\u00f1o, dentro y fuera del centro educativo, siempre contando con la participaci\u00f3n de la comunidad\u201d <\/strong>termin\u00f3 diciendo la Profesora Karen Oviedo. <strong>&nbsp;<\/strong><\/p>\n","protected":false},"excerpt":{"rendered":"<p>M\u00e1s de 300 alumnos en Escuela T\u00e9cnica Melo Norte que espera proyecto de nuevo edificio Con una asistencia regular de casi 300 estudiantes por d\u00eda, el centro educativo contin\u00faa en forma totalmente normal con los cursos del a\u00f1o lectivo 2026. Cabe recordar que la instituci\u00f3n funciona bajo la modalidad Mar\u00eda Esp\u00ednola en las clases de &hellip;<\/p>\n","protected":false},"author":3,"featured_media":31361,"comment_status":"closed","ping_status":"closed","sticky":false,"template":"","format":"standard","meta":{"footnotes":""},"categories":[26,18,17,2,31,1,14],"tags":[],"class_list":["post-31350","post","type-post","status-publish","format-standard","has-post-thumbnail","hentry","category-destacadas","category-locales","category-nacionales","category-politica","category-rio-branco","category-sociales","category-tiempo-libre"],"_links":{"self":[{"href":"https:\/\/elprofesional.uy\/www\/wp-json\/wp\/v2\/posts\/31350","targetHints":{"allow":["GET"]}}],"collection":[{"href":"https:\/\/elprofesional.uy\/www\/wp-json\/wp\/v2\/posts"}],"about":[{"href":"https:\/\/elprofesional.uy\/www\/wp-json\/wp\/v2\/types\/post"}],"author":[{"embeddable":true,"href":"https:\/\/elprofesional.uy\/www\/wp-json\/wp\/v2\/users\/3"}],"replies":[{"embeddable":true,"href":"https:\/\/elprofesional.uy\/www\/wp-json\/wp\/v2\/comments?post=31350"}],"version-history":[{"count":1,"href":"https:\/\/elprofesional.uy\/www\/wp-json\/wp\/v2\/posts\/31350\/revisions"}],"predecessor-version":[{"id":31362,"href":"https:\/\/elprofesional.uy\/www\/wp-json\/wp\/v2\/posts\/31350\/revisions\/31362"}],"wp:featuredmedia":[{"embeddable":true,"href":"https:\/\/elprofesional.uy\/www\/wp-json\/wp\/v2\/media\/31361"}],"wp:attachment":[{"href":"https:\/\/elprofesional.uy\/www\/wp-json\/wp\/v2\/media?parent=31350"}],"wp:term":[{"taxonomy":"category","embeddable":true,"href":"https:\/\/elprofesional.uy\/www\/wp-json\/wp\/v2\/categories?post=31350"},{"taxonomy":"post_tag","embeddable":true,"href":"https:\/\/elprofesional.uy\/www\/wp-json\/wp\/v2\/tags?post=31350"}],"curies":[{"name":"wp","href":"https:\/\/api.w.org\/{rel}","templated":true}]}}