{"id":29719,"date":"2025-10-09T20:43:46","date_gmt":"2025-10-09T23:43:46","guid":{"rendered":"https:\/\/elprofesional.uy\/www\/?p=29719"},"modified":"2025-10-09T20:43:47","modified_gmt":"2025-10-09T23:43:47","slug":"yo-estudio-y-trabajo-4","status":"publish","type":"post","link":"https:\/\/elprofesional.uy\/www\/archivos\/29719","title":{"rendered":"Yo Estudio y Trabajo"},"content":{"rendered":"\n<p><strong>La 14\u00aa edici\u00f3n <\/strong><strong>incorpora cuidados, validaci\u00f3n de saberes y talleres de competencia laboral<\/strong><\/p>\n\n\n\n<p>La evaluaci\u00f3n de impacto de este programa de primera experiencia laboral confirm\u00f3 que los participantes mejoraron su ingreso al mercado laboral y sus salarios. Las inscripciones para la edici\u00f3n actual comienzan el 15 de octubre.<\/p>\n\n\n\n<p>El&nbsp;Ministerio de Trabajo y Seguridad Social (MTSS)&nbsp;lanz\u00f3 la 14.\u00aa edici\u00f3n del programa&nbsp;Yo Estudio y Trabajo, iniciativa que abre una primera experiencia laboral formal a j\u00f3venes de entre 16 y 20 a\u00f1os que se encuentren estudiando.<\/p>\n\n\n\n<p>M\u00e1s de 9.000 j\u00f3venes&nbsp;de todo el territorio han participado del programa desde su creaci\u00f3n en 2012. Esta iniciativa constituye una&nbsp;pol\u00edtica p\u00fablica clave para fortalecer el v\u00ednculo entre educaci\u00f3n y trabajo, as\u00ed como promover el desarrollo de competencias transversales y la inserci\u00f3n laboral en condiciones de igualdad.&nbsp;<\/p>\n\n\n\n<p>El plazo para&nbsp;inscribirse a Yo Estudio y Trabajo&nbsp;permanecer\u00e1 abierto entre el&nbsp;15 y el 22 de octubre.&nbsp;El&nbsp;sorteo se realizar\u00e1 el 29 del mismo mes,&nbsp;seg\u00fan inform\u00f3 el&nbsp;director nacional de Empleo,&nbsp;Federico Araya.&nbsp;Las inscripciones se realizar\u00e1n de forma exclusiva a trav\u00e9s del&nbsp;formulario&nbsp;disponible en el sitio web de la secretar\u00eda de Estado.<\/p>\n\n\n\n<p>La iniciativa incorpora acciones para&nbsp;garantizar la inclusi\u00f3n y la igualdad de oportunidades, en cumplimiento de la normativa vigente.<\/p>\n\n\n\n<ul class=\"wp-block-list\">\n<li>50% de los cupos son destinados a mujeres j\u00f3venes<\/li>\n\n\n\n<li>13,5% de las plazas ser\u00e1n para j\u00f3venes en situaci\u00f3n de vulnerabilidad socioecon\u00f3mica<\/li>\n\n\n\n<li>8% a j\u00f3venes afrodescendientes<\/li>\n\n\n\n<li>4% a j\u00f3venes en situaci\u00f3n de discapacidad<\/li>\n\n\n\n<li>2% a personas trans<\/li>\n\n\n\n<li>Y se incorpora un cupo de 1% para mujeres j\u00f3venes v\u00edctimas de violencia basada en g\u00e9nero.<\/li>\n<\/ul>\n\n\n\n<p>Asimismo, Araya explic\u00f3 los&nbsp;nuevos ejes que incorpora la iniciativa en este 2025:<\/p>\n\n\n\n<ul class=\"wp-block-list\">\n<li>Innovaci\u00f3n:\u00a0V\u00ednculo con el programa\u00a0Uruguay Certifica, por el cual el participante tendr\u00e1 la posibilidad de certificar sus competencias laborales.<\/li>\n\n\n\n<li>Fortalecimiento de la formaci\u00f3n: Se incorporar\u00e1 un equipo t\u00e9cnico de la Direcci\u00f3n Nacional de Empleo al proceso de formaci\u00f3n con talleres de competencia laboral y, adem\u00e1s, en el correr de la beca, en 2026, se dictar\u00e1 un curso de formaci\u00f3n sobre educaci\u00f3n financiera.<\/li>\n\n\n\n<li>Compatibilizaci\u00f3n con cuidados: Los j\u00f3venes que tengan hijos menores de 4 a\u00f1os o mujeres embarazadas, trabajar\u00e1n 20 horas semanales y percibir\u00e1n una remuneraci\u00f3n de 4 bases de prestaciones y contribuciones (unos 26.000 pesos). Adem\u00e1s, en conjunto con INAU, se asegurar\u00e1 que los j\u00f3venes con hijos a cargo tengan cupo en los centros CAIF m\u00e1s cercano al trabajo.<\/li>\n\n\n\n<li>Apoyo al primer mes de trabajo.\u00a0El pago del certificado de antecedentes judiciales se podr\u00e1 abonar despu\u00e9s del primer cobro. Tambi\u00e9n se otorgar\u00e1 un bono para que puedan efectivizar su beca aquellos beneficiarios del programa que no tengan ingresos ese primer mes.<\/li>\n<\/ul>\n\n\n\n<p>Araya record\u00f3 que los cupos en empresas privadas, que se incorporaron en 2024, solo alcanz\u00f3 a 150 j\u00f3venes, mientras que en el&nbsp;sector p\u00fablico abarc\u00f3 700 puestos en m\u00e1s de 50 organismos.&nbsp;Adelant\u00f3 que el dise\u00f1o del programa ser\u00e1 modificado para aumentar la cantidad de cupos en la actividad privada.<\/p>\n\n\n\n<p><strong>YO ESTUDIO Y TRABAJO MEJORA INGRESO AL MERCADO LABORAL Y SALARIO<\/strong><\/p>\n\n\n\n<p>Durante el lanzamiento se present\u00f3 una evaluaci\u00f3n de impacto del programa, realizada en conjunto entre la&nbsp;Universidad de la Rep\u00fablica; la de Bocconi de Italia; la de Tilburg de Pa\u00edses Bajos, y el&nbsp;Banco Mundial.<\/p>\n\n\n\n<p>La exposici\u00f3n estuvo a cargo de Noem\u00ed Katzkowicz, docente del Instituto de Econom\u00eda de la Universidad de la Rep\u00fablica, quien remarc\u00f3 la mejora en el desempe\u00f1o acad\u00e9mico y laboral de los beneficiarios.&nbsp;<\/p>\n\n\n\n<p>Los ingresos al trabajo formal fueron&nbsp;11 % m\u00e1s alto&nbsp;para los j\u00f3venes que participaron del programa, siete a\u00f1os despu\u00e9s de haberlo hecho. En tanto, el efecto en el salario mensual fue un&nbsp;6 % m\u00e1s alto.<\/p>\n\n\n\n<p>Al mismo tiempo, se constataron efectos positivos en j\u00f3venes de contexto vulnerable y un aumento de&nbsp;1,5 puntos porcentuales&nbsp;en la matriculaci\u00f3n en Educaci\u00f3n Media.<\/p>\n\n\n\n<p><strong>POL\u00cdTICA P\u00daBLICA<\/strong><\/p>\n\n\n\n<p>La vicepresidenta,&nbsp;Carolina Cosse, valor\u00f3 a este programa como un <strong>\u201cgran gesto del Estado\u201d<\/strong> para el apoyo a los j\u00f3venes porque <strong>\u201ctrabajar y estudiar al mismo tiempo es muy dif\u00edcil<\/strong>\u201d. Asimismo, subray\u00f3 que se debe insistir para que las empresas privadas se unan a esta iniciativa.<\/p>\n\n\n\n<p>Cosse expres\u00f3 que a su criterio un programa por s\u00ed solo no resuelve ning\u00fan problema, pero actuando con otros, cobra otro sentido. <strong>\u201cEs interesante ver los cambios que se dan en las oficinas cuando llegan estudiantes en su primer trabajo, y si al mismo tiempo, se est\u00e1 llevando a cabo programas para valorar competencias, entonces el cambio se multiplica. Y si al mismo tiempo, hay personal de Uruguay Impulsa, todav\u00eda m\u00e1s. Son gestos que constituyen un gesto progresista y de esperanza\u201d,<\/strong> enfatiz\u00f3.<\/p>\n\n\n\n<p>La presentaci\u00f3n de Yo Estudio y Trabajo concreta la tercera pol\u00edtica activa de empleo en 45 d\u00edas, destac\u00f3 en su oratoria el ministro de Trabajo y Seguridad Social,&nbsp;Juan Castillo, junto al sorteo de Uruguay Impulsa y la recorrida que autoridades de la Direcci\u00f3n Nacional de Empleo viene realizando por todo el pa\u00eds escuchando las demandas de trabajo, a efectos de redise\u00f1ar la actual normativa.<\/p>\n\n\n\n<p>Por su parte, la ministra de&nbsp;Industria, Energ\u00eda y Miner\u00eda,&nbsp;Fernanda Cardona, subray\u00f3 que esta iniciativa, destinada a otorgar oportunidad a j\u00f3venes, no es al azar, sino que se trata de una decisi\u00f3n pol\u00edtica. <strong>\u201cEl programa expresa el mejor compromiso del Estado uruguayo: abrir puertas, ofrecer oportunidades, y confiar en las nuevas generaciones\u201d,<\/strong> apunt\u00f3 la jerarca. Finalmente, destac\u00f3 el&nbsp;rol del Estado, no solo como empleador, sino tambi\u00e9n como&nbsp;formador de ciudadan\u00eda.<\/p>\n\n\n\n<p>A su turno, el ministro de&nbsp;Educaci\u00f3n y Cultura,&nbsp;Jos\u00e9 Carlos Mah\u00eda, dijo que este programa <strong>\u201chabla de una pol\u00edtica de Estado porque transcendi\u00f3 gobiernos\u00bb<\/strong> y que, m\u00e1s de los ajustes, <strong>\u00abestamos hablando de algo que estrat\u00e9gicamente mira el Uruguay como un rumbo\u201d.<\/strong><\/p>\n\n\n\n<p>Para el titular de&nbsp;Desarrollo Social,&nbsp;Gonzalo Civila, se trata de una&nbsp;pol\u00edtica consolidada, que necesita ser revisada. <strong>\u201cHay que decir que si hace 14 ediciones que necesitamos de esta herramienta, es que hay algo que el mercado por s\u00ed solo no resuelve, que es la posibilidad laboral para j\u00f3venes<\/strong>\u201d, advirti\u00f3.<\/p>\n\n\n\n<p>Y destac\u00f3 que la combinaci\u00f3n de educaci\u00f3n con trabajo es imprescindible para agregar valor a lo que hacemos, mejorar la remuneraci\u00f3n y las condiciones de vida.<\/p>\n\n\n\n<p>Particip\u00f3 tambi\u00e9n en la mesa de lanzamiento, la directora del&nbsp;Instituto Nacional de la Juventud,&nbsp;Eugenia Godoy.<\/p>\n","protected":false},"excerpt":{"rendered":"<p>La 14\u00aa edici\u00f3n incorpora cuidados, validaci\u00f3n de saberes y talleres de competencia laboral La evaluaci\u00f3n de impacto de este programa de primera experiencia laboral confirm\u00f3 que los participantes mejoraron su ingreso al mercado laboral y sus salarios. Las inscripciones para la edici\u00f3n actual comienzan el 15 de octubre. El&nbsp;Ministerio de Trabajo y Seguridad Social (MTSS)&nbsp;lanz\u00f3 &hellip;<\/p>\n","protected":false},"author":3,"featured_media":29728,"comment_status":"closed","ping_status":"closed","sticky":false,"template":"","format":"standard","meta":{"footnotes":""},"categories":[26,18,17,2,31,1,14],"tags":[],"class_list":["post-29719","post","type-post","status-publish","format-standard","has-post-thumbnail","hentry","category-destacadas","category-locales","category-nacionales","category-politica","category-rio-branco","category-sociales","category-tiempo-libre"],"_links":{"self":[{"href":"https:\/\/elprofesional.uy\/www\/wp-json\/wp\/v2\/posts\/29719","targetHints":{"allow":["GET"]}}],"collection":[{"href":"https:\/\/elprofesional.uy\/www\/wp-json\/wp\/v2\/posts"}],"about":[{"href":"https:\/\/elprofesional.uy\/www\/wp-json\/wp\/v2\/types\/post"}],"author":[{"embeddable":true,"href":"https:\/\/elprofesional.uy\/www\/wp-json\/wp\/v2\/users\/3"}],"replies":[{"embeddable":true,"href":"https:\/\/elprofesional.uy\/www\/wp-json\/wp\/v2\/comments?post=29719"}],"version-history":[{"count":1,"href":"https:\/\/elprofesional.uy\/www\/wp-json\/wp\/v2\/posts\/29719\/revisions"}],"predecessor-version":[{"id":29729,"href":"https:\/\/elprofesional.uy\/www\/wp-json\/wp\/v2\/posts\/29719\/revisions\/29729"}],"wp:featuredmedia":[{"embeddable":true,"href":"https:\/\/elprofesional.uy\/www\/wp-json\/wp\/v2\/media\/29728"}],"wp:attachment":[{"href":"https:\/\/elprofesional.uy\/www\/wp-json\/wp\/v2\/media?parent=29719"}],"wp:term":[{"taxonomy":"category","embeddable":true,"href":"https:\/\/elprofesional.uy\/www\/wp-json\/wp\/v2\/categories?post=29719"},{"taxonomy":"post_tag","embeddable":true,"href":"https:\/\/elprofesional.uy\/www\/wp-json\/wp\/v2\/tags?post=29719"}],"curies":[{"name":"wp","href":"https:\/\/api.w.org\/{rel}","templated":true}]}}