{"id":28874,"date":"2025-08-04T08:00:00","date_gmt":"2025-08-04T11:00:00","guid":{"rendered":"https:\/\/elprofesional.uy\/www\/?p=28874"},"modified":"2025-08-01T20:41:35","modified_gmt":"2025-08-01T23:41:35","slug":"otros-tiempos","status":"publish","type":"post","link":"https:\/\/elprofesional.uy\/www\/archivos\/28874","title":{"rendered":"Otros tiempos"},"content":{"rendered":"\n<p><strong>El ni\u00f1o polic\u00eda de Cerro Largo<\/strong><\/p>\n\n\n\n<p>El rinc\u00f3n policial del Museo Hist\u00f3rico Regional de Melo, guarda la historia del menor que hered\u00f3 el uniforme de su padre para mantener a su madre y hermanos.<\/p>\n\n\n\n<p>En ese cuidado rinc\u00f3n se conserva una historia profundamente humana: la de un adolescente que, tras perder a su padre \u2014polic\u00eda de campa\u00f1a\u2014, hered\u00f3 su uniforme y comenz\u00f3 a prestar funciones como conserje en la misma comisar\u00eda, aun siendo menor de edad.<\/p>\n\n\n\n<p>La fotograf\u00eda en blanco y negro, rescatada por el retirado Juan Godoy, muestra al joven de 16 a\u00f1os posando junto a un caballo, vistiendo el uniforme policial y portando un sable.<\/p>\n\n\n\n<p>No llevaba armas de fuego, ya que no hab\u00eda alcanzado la mayor\u00eda de edad. Seg\u00fan relataron al periodista N\u00e9stor Ara\u00fajo los impulsores del museo, se trataba de un muchacho de apellido Buz\u00f3 cuyo padre hab\u00eda fallecido en cumplimiento del deber.<\/p>\n\n\n\n<p>Fue entonces cuando el comisario de la \u00e9poca, de apellido Sasia\u00edn, resolvi\u00f3 que el hijo mayor prestara colaboraci\u00f3n en la comisar\u00eda como conserje, permiti\u00e9ndole as\u00ed contribuir al sustento de su madre y hermanos, que hab\u00edan quedado desamparados.<\/p>\n\n\n\n<p>No se trataba formalmente de un funcionario policial, pero su presencia en el puesto policial era s\u00edmbolo de compromiso y continuidad familiar.<\/p>\n\n\n\n<p>Esta imagen forma parte del acervo reunido para el Museo Hist\u00f3rico Policial \u201cMUSPO\u201d, un proyecto gestado entre los a\u00f1os 2000 y 2010 por un grupo de retirados policiales de Cerro Largo.<\/p>\n\n\n\n<p>Durante una d\u00e9cada, Juan Godoy, Rene\u00e9 Diogo, Carlos Alfonso, Ricardo Ferreira y Clodomiro Sosa, con la gran colaboraci\u00f3n y dedicaci\u00f3n del Jefe de Polic\u00eda de la \u00e9poca, Jos\u00e9 Ad\u00e1n Olivera, recopilaron fotograf\u00edas, documentos y objetos con el objetivo de conservar la memoria institucional.<\/p>\n\n\n\n<p>El trabajo cont\u00f3 con el aval del Comando de la Jefatura de Polic\u00eda de la \u00e9poca, del Centro de Retirados Policiales y del Centro Policial de Cerro Largo.<\/p>\n\n\n\n<p>Gracias a esa tarea silenciosa y minuciosa, se digitalizaron cerca de 100 fotograf\u00edas.<\/p>\n\n\n\n<p>Muchas de ellas llegaron por iniciativa de familiares de polic\u00edas, que, enterados del proyecto, comenzaron a compartir recuerdos guardados en cajones y \u00e1lbumes personales.<\/p>\n\n\n\n<p>El museo fue inaugurado el 19 de diciembre de 2010, en el marco del D\u00eda de la Polic\u00eda, con el apoyo del entonces jefe de Polic\u00eda, Jos\u00e9 Ad\u00e1n Olivera, quien facilit\u00f3 la concreci\u00f3n del espacio.<\/p>\n\n\n\n<p>Aunque actualmente el Museo MUSPO ocupa solo un peque\u00f1o sector dentro del Museo Hist\u00f3rico Regional de Melo, sus impulsores creen que podr\u00e1 crecer en el futuro, ya que el material contin\u00faa apareciendo y las historias esperan ser contadas.<\/p>\n\n\n\n<p>Ese rinc\u00f3n, m\u00e1s all\u00e1 de los objetos y documentos, preserva el valor simb\u00f3lico de muchas vidas dedicadas al servicio, como la de aquel joven que hered\u00f3 el uniforme de su padre y encontr\u00f3 en \u00e9l una forma de seguir adelante.<\/p>\n","protected":false},"excerpt":{"rendered":"<p>El ni\u00f1o polic\u00eda de Cerro Largo El rinc\u00f3n policial del Museo Hist\u00f3rico Regional de Melo, guarda la historia del menor que hered\u00f3 el uniforme de su padre para mantener a su madre y hermanos. En ese cuidado rinc\u00f3n se conserva una historia profundamente humana: la de un adolescente que, tras perder a su padre \u2014polic\u00eda &hellip;<\/p>\n","protected":false},"author":3,"featured_media":28890,"comment_status":"closed","ping_status":"closed","sticky":false,"template":"","format":"standard","meta":{"footnotes":""},"categories":[26,18,17,2,31,1,14],"tags":[],"class_list":["post-28874","post","type-post","status-publish","format-standard","has-post-thumbnail","hentry","category-destacadas","category-locales","category-nacionales","category-politica","category-rio-branco","category-sociales","category-tiempo-libre"],"_links":{"self":[{"href":"https:\/\/elprofesional.uy\/www\/wp-json\/wp\/v2\/posts\/28874","targetHints":{"allow":["GET"]}}],"collection":[{"href":"https:\/\/elprofesional.uy\/www\/wp-json\/wp\/v2\/posts"}],"about":[{"href":"https:\/\/elprofesional.uy\/www\/wp-json\/wp\/v2\/types\/post"}],"author":[{"embeddable":true,"href":"https:\/\/elprofesional.uy\/www\/wp-json\/wp\/v2\/users\/3"}],"replies":[{"embeddable":true,"href":"https:\/\/elprofesional.uy\/www\/wp-json\/wp\/v2\/comments?post=28874"}],"version-history":[{"count":1,"href":"https:\/\/elprofesional.uy\/www\/wp-json\/wp\/v2\/posts\/28874\/revisions"}],"predecessor-version":[{"id":28891,"href":"https:\/\/elprofesional.uy\/www\/wp-json\/wp\/v2\/posts\/28874\/revisions\/28891"}],"wp:featuredmedia":[{"embeddable":true,"href":"https:\/\/elprofesional.uy\/www\/wp-json\/wp\/v2\/media\/28890"}],"wp:attachment":[{"href":"https:\/\/elprofesional.uy\/www\/wp-json\/wp\/v2\/media?parent=28874"}],"wp:term":[{"taxonomy":"category","embeddable":true,"href":"https:\/\/elprofesional.uy\/www\/wp-json\/wp\/v2\/categories?post=28874"},{"taxonomy":"post_tag","embeddable":true,"href":"https:\/\/elprofesional.uy\/www\/wp-json\/wp\/v2\/tags?post=28874"}],"curies":[{"name":"wp","href":"https:\/\/api.w.org\/{rel}","templated":true}]}}