{"id":2204,"date":"2021-12-27T23:21:11","date_gmt":"2021-12-28T02:21:11","guid":{"rendered":"https:\/\/elprofesional.uy\/www\/?p=2204"},"modified":"2021-12-27T23:21:13","modified_gmt":"2021-12-28T02:21:13","slug":"transporte-invierte-100-000-dolares-en-institucion-que-atiende-a-personas-con-discapacidad","status":"publish","type":"post","link":"https:\/\/elprofesional.uy\/www\/archivos\/2204","title":{"rendered":"Transporte invierte 100.000 d\u00f3lares en instituci\u00f3n que atiende a personas con discapacidad"},"content":{"rendered":"\n<p>El ministro de Transporte y Obras P\u00fablicas, Jos\u00e9 Luis Falero, firm\u00f3 este lunes 27 un convenio con la Asociaci\u00f3n Pro Recuperaci\u00f3n del Inv\u00e1lido (APRI), con el objetivo de realizar obras de mantenimiento del gimnasio, construir dormitorios con servicios y asegurar la correspondiente supervisi\u00f3n. La remodelaci\u00f3n posibilitar\u00e1 la estad\u00eda de personas que llegan desde el interior del pa\u00eds para acceder a rehabilitaci\u00f3n motriz.<\/p>\n\n\n\n<p>Falero resalt\u00f3 que el valor del acuerdo permitir\u00e1 sustituir la cubierta superior del gimnasio, adem\u00e1s de construir dormitorios con servicios higi\u00e9nicos. El monto total asciende a 6.200.000 pesos. El ministerio contribuye con la suma de 5.200.000 pesos en efectivo y&nbsp;se har\u00e1 cargo de la supervisi\u00f3n de los trabajos. La asociaci\u00f3n aportar\u00e1 1.000.000 de pesos uruguayos.<\/p>\n\n\n\n<p>El jerarca destac\u00f3 que desde el Ejecutivo se asumi\u00f3 el compromiso de ayudar con dinero p\u00fablico a las asociaciones civiles que requieran obras. La reparaci\u00f3n del gimnasio permitir\u00e1 a integrantes de la asociaci\u00f3n practicar deportes al margen de las condiciones clim\u00e1ticas. Adem\u00e1s, las refacciones en la casa har\u00e1n posible la estad\u00eda de personas que lleguen para rehabilitarse desde diferentes departamentos.<\/p>\n\n\n\n<p>Tambi\u00e9n destac\u00f3 que la pol\u00edtica de convenios sociales, asociada al retorno de los recursos p\u00fablicos a la sociedad civil, aporta entusiasmo y un sentido colectivo a las obras. \u00abLas instituciones sociales son un socio estrat\u00e9gico para que las cosas sucedan\u00bb, dijo, para enfatizar el valor de la solidaridad.<\/p>\n\n\n\n<p>En su visita a las instalaciones de APRI, en el barrio El Prado de Montevideo, Falero fue recibido por los directivos Ivar Solsona y Graciela Reiris, luego firm\u00f3 el convenio y presenci\u00f3 minutos de un partido de b\u00e1squetbol y otro de bochas.<\/p>\n\n\n\n<p>APRI es una instituci\u00f3n que desde 1953 trabaja en la rehabilitaci\u00f3n integral e integraci\u00f3n a la sociedad de personas con discapacidad. Las actividades son abiertas a ni\u00f1os, j\u00f3venes y adultos que quieran aprender a practicar juegos y deportes como handbol, b\u00e1squetbol, esgrima, tenis o bochas en silla de ruedas. Tambi\u00e9n all\u00ed se brindan clases de alfabetizaci\u00f3n, artes pl\u00e1sticas, teatro, danzaterapia y talleres de salud ocupacional, entre otras opciones.<\/p>\n","protected":false},"excerpt":{"rendered":"<p>El ministro de Transporte y Obras P\u00fablicas, Jos\u00e9 Luis Falero, firm\u00f3 este lunes 27 un convenio con la Asociaci\u00f3n Pro Recuperaci\u00f3n del Inv\u00e1lido (APRI), con el objetivo de realizar obras de mantenimiento del gimnasio, construir dormitorios con servicios y asegurar la correspondiente supervisi\u00f3n. La remodelaci\u00f3n posibilitar\u00e1 la estad\u00eda de personas que llegan desde el interior &hellip;<\/p>\n","protected":false},"author":3,"featured_media":2220,"comment_status":"closed","ping_status":"closed","sticky":false,"template":"","format":"standard","meta":{"footnotes":""},"categories":[2],"tags":[],"class_list":["post-2204","post","type-post","status-publish","format-standard","has-post-thumbnail","hentry","category-politica"],"_links":{"self":[{"href":"https:\/\/elprofesional.uy\/www\/wp-json\/wp\/v2\/posts\/2204","targetHints":{"allow":["GET"]}}],"collection":[{"href":"https:\/\/elprofesional.uy\/www\/wp-json\/wp\/v2\/posts"}],"about":[{"href":"https:\/\/elprofesional.uy\/www\/wp-json\/wp\/v2\/types\/post"}],"author":[{"embeddable":true,"href":"https:\/\/elprofesional.uy\/www\/wp-json\/wp\/v2\/users\/3"}],"replies":[{"embeddable":true,"href":"https:\/\/elprofesional.uy\/www\/wp-json\/wp\/v2\/comments?post=2204"}],"version-history":[{"count":1,"href":"https:\/\/elprofesional.uy\/www\/wp-json\/wp\/v2\/posts\/2204\/revisions"}],"predecessor-version":[{"id":2221,"href":"https:\/\/elprofesional.uy\/www\/wp-json\/wp\/v2\/posts\/2204\/revisions\/2221"}],"wp:featuredmedia":[{"embeddable":true,"href":"https:\/\/elprofesional.uy\/www\/wp-json\/wp\/v2\/media\/2220"}],"wp:attachment":[{"href":"https:\/\/elprofesional.uy\/www\/wp-json\/wp\/v2\/media?parent=2204"}],"wp:term":[{"taxonomy":"category","embeddable":true,"href":"https:\/\/elprofesional.uy\/www\/wp-json\/wp\/v2\/categories?post=2204"},{"taxonomy":"post_tag","embeddable":true,"href":"https:\/\/elprofesional.uy\/www\/wp-json\/wp\/v2\/tags?post=2204"}],"curies":[{"name":"wp","href":"https:\/\/api.w.org\/{rel}","templated":true}]}}