{"id":21616,"date":"2024-05-28T19:08:41","date_gmt":"2024-05-28T22:08:41","guid":{"rendered":"https:\/\/elprofesional.uy\/www\/?p=21616"},"modified":"2024-05-28T19:08:42","modified_gmt":"2024-05-28T22:08:42","slug":"descentralizacion-3","status":"publish","type":"post","link":"https:\/\/elprofesional.uy\/www\/archivos\/21616","title":{"rendered":"Descentralizaci\u00f3n"},"content":{"rendered":"\n<p><strong>Gobierno nacional otorga 20 millones de pesos anuales a municipios para atenci\u00f3n primaria de salud<\/strong><\/p>\n\n\n\n<p>La contrataci\u00f3n de m\u00e9dicos de cercan\u00eda y obras en policl\u00ednicas rurales es el destino del dinero que el Gobierno nacional adjudica a los municipios para que estos lo asignen al primer nivel de atenci\u00f3n. La cifra anual asciende a unos 20 millones de pesos. La coordinadora de Descentralizaci\u00f3n y Cohesi\u00f3n de la OPP, Mar\u00eda de Lima, inform\u00f3 que, en total, se otorga, en 2024, 2.200 millones de pesos al tercer nivel de gobierno.<\/p>\n\n\n\n<p>Autoridades de la Oficina de Planeamiento y Presupuesto (OPP) recibieron el martes 28 en la Torre Ejecutiva, a autoridades de la Asociaci\u00f3n de Municipalidades de Chile y el Plenario de Municipios de Uruguay para intercambiar experiencias en materia sanitaria.<\/p>\n\n\n\n<p>El tema del encuentro fue \u201cLa salud en los gobiernos locales\u201d. Por Uruguay, asisti\u00f3, adem\u00e1s de De Lima, el presidente del Plenario de Municipios del Uruguay y alcalde del Municipio F de Montevideo, Juan Pedro L\u00f3pez, entre otras autoridades. La delegaci\u00f3n chilena, compuesta por 20 miembros que representan a los consejos municipales, fue presidida por el alcalde de la comuna Pedro Aguirre Cerda de Santiago, Luis Astudillo.<\/p>\n\n\n\n<p>Mar\u00eda de Lima explic\u00f3 que el Gobierno nacional descentraliza y act\u00faa en pol\u00edticas p\u00fablicas con el tercer nivel de administraci\u00f3n. Aclar\u00f3 que, si bien la pol\u00edtica p\u00fablica de salud no es competencia de los municipios uruguayos, despu\u00e9s de la pandemia comenzaron a involucrarse.&nbsp;<\/p>\n\n\n\n<p>Tambi\u00e9n inform\u00f3 que, a trav\u00e9s del Plan Operativo Anual del Fondo de Incentivo a la Gesti\u00f3n Municipal, se destinan unos 20 millones de pesos para que estos ejecuten en proyectos del primer nivel de atenci\u00f3n, como la contrataci\u00f3n de m\u00e9dicos de cercan\u00eda en policl\u00ednicos y la construcci\u00f3n de centros en zonas rurales.<\/p>\n\n\n\n<p>La titular de Descentralizaci\u00f3n y Cohesi\u00f3n dijo que, en el \u00e1mbito global, durante 2024, se est\u00e1n entregando m\u00e1s de 2.200 millones de pesos a los municipios para que ejecuten obras de infraestructura y realicen actividades sociales que deben ser planificadas y concretadas este a\u00f1o. De igual forma, la OPP otorga unos 2.500 millones de pesos anuales a las intendencias.<\/p>\n\n\n\n<p>Tanto la referida jerarca como el alcalde L\u00f3pez coincidieron en la importancia de mantener un intercambio con la delegaci\u00f3n chilena, conocer sus buenas pr\u00e1cticas y compartir experiencias de ambos pa\u00edses en este abordaje de la salud en el territorio.<\/p>\n\n\n\n<p>L\u00f3pez enfatiz\u00f3 en el trabajo articulado entre el municipio y la Administraci\u00f3n de los Servicios de Salud del Estado (ASSE) en siete policl\u00ednicas, la Intendencia de Montevideo en dos centros m\u00e1s y prestadores privados en sus dependencias en el territorio. Mediante reuniones quincenales de planificaci\u00f3n, desarrollan, por ejemplo, campa\u00f1as de vacunaci\u00f3n y ferias informativas sobre temas como el virus de la inmunodeficiencia humana (VIH) y reciclaje, entre otros. \u201cIntentamos generar un solo equipo que informe a la sociedad todas las actividades y oportunidades que tiene\u201d, sostuvo.<\/p>\n\n\n\n<p>En la reuni\u00f3n, de unas dos horas, se efectu\u00f3 la presentaci\u00f3n de las pol\u00edticas descentralizadas en temas de salud que desarrollan municipios de Montevideo y Cerro Largo. Hoy mi\u00e9rcoles 29, la delegaci\u00f3n visitante se trasladar\u00e1 a Colonia para conocer la experiencia local. El grupo chileno elogi\u00f3 la labor de Uruguay en materia de universalizaci\u00f3n del acceso a la salud y fortalecimiento del primer nivel de atenci\u00f3n, lo que procuran desarrollar y reforzar en su pa\u00eds.<\/p>\n","protected":false},"excerpt":{"rendered":"<p>Gobierno nacional otorga 20 millones de pesos anuales a municipios para atenci\u00f3n primaria de salud La contrataci\u00f3n de m\u00e9dicos de cercan\u00eda y obras en policl\u00ednicas rurales es el destino del dinero que el Gobierno nacional adjudica a los municipios para que estos lo asignen al primer nivel de atenci\u00f3n. La cifra anual asciende a unos &hellip;<\/p>\n","protected":false},"author":3,"featured_media":21620,"comment_status":"closed","ping_status":"closed","sticky":false,"template":"","format":"standard","meta":{"footnotes":""},"categories":[17],"tags":[],"class_list":["post-21616","post","type-post","status-publish","format-standard","has-post-thumbnail","hentry","category-nacionales"],"_links":{"self":[{"href":"https:\/\/elprofesional.uy\/www\/wp-json\/wp\/v2\/posts\/21616","targetHints":{"allow":["GET"]}}],"collection":[{"href":"https:\/\/elprofesional.uy\/www\/wp-json\/wp\/v2\/posts"}],"about":[{"href":"https:\/\/elprofesional.uy\/www\/wp-json\/wp\/v2\/types\/post"}],"author":[{"embeddable":true,"href":"https:\/\/elprofesional.uy\/www\/wp-json\/wp\/v2\/users\/3"}],"replies":[{"embeddable":true,"href":"https:\/\/elprofesional.uy\/www\/wp-json\/wp\/v2\/comments?post=21616"}],"version-history":[{"count":1,"href":"https:\/\/elprofesional.uy\/www\/wp-json\/wp\/v2\/posts\/21616\/revisions"}],"predecessor-version":[{"id":21621,"href":"https:\/\/elprofesional.uy\/www\/wp-json\/wp\/v2\/posts\/21616\/revisions\/21621"}],"wp:featuredmedia":[{"embeddable":true,"href":"https:\/\/elprofesional.uy\/www\/wp-json\/wp\/v2\/media\/21620"}],"wp:attachment":[{"href":"https:\/\/elprofesional.uy\/www\/wp-json\/wp\/v2\/media?parent=21616"}],"wp:term":[{"taxonomy":"category","embeddable":true,"href":"https:\/\/elprofesional.uy\/www\/wp-json\/wp\/v2\/categories?post=21616"},{"taxonomy":"post_tag","embeddable":true,"href":"https:\/\/elprofesional.uy\/www\/wp-json\/wp\/v2\/tags?post=21616"}],"curies":[{"name":"wp","href":"https:\/\/api.w.org\/{rel}","templated":true}]}}