{"id":19406,"date":"2024-02-19T20:55:23","date_gmt":"2024-02-19T23:55:23","guid":{"rendered":"https:\/\/elprofesional.uy\/www\/?p=19406"},"modified":"2024-02-19T20:55:27","modified_gmt":"2024-02-19T23:55:27","slug":"apoyo-logistico","status":"publish","type":"post","link":"https:\/\/elprofesional.uy\/www\/archivos\/19406","title":{"rendered":"Apoyo log\u00edstico"},"content":{"rendered":"\n<p><strong>Complet\u00f3 misi\u00f3n en la Ant\u00e1rtida el buque ROU 04 Gral. Artigas<\/strong><\/p>\n\n\n\n<p>El ministro de Defensa Nacional, Javier Garc\u00eda, particip\u00f3 del arribo del buque ROU 04 Gral. Artigas de la Armada Nacional, procedente de la Ant\u00e1rtida. La misi\u00f3n dur\u00f3 31 d\u00edas y fue constituida por 121 tripulantes. El jerarca destac\u00f3 la labor realizada por este buque, que cumpli\u00f3 su segundo viaje hacia ese continente, tras ser reparado durante esta administraci\u00f3n. Se traslad\u00f3 equipamiento y se trajeron residuos, dijo.<\/p>\n\n\n\n<p>El buque arrib\u00f3 el viernes 16 al puerto de Montevideo. Garc\u00eda concurri\u00f3 acompa\u00f1ado por el comandante en jefe de la Armada, Jorge Wilson.<\/p>\n\n\n\n<p>El ministro expres\u00f3 su satisfacci\u00f3n por el cumplimiento de la misi\u00f3n, segunda que se realiza tras haber reparado la nave. Uruguay cuenta con una base en la Ant\u00e1rtida integrada por cient\u00edficos y militares, record\u00f3. El viaje permiti\u00f3 trasladar equipamiento y traer a Uruguay los residuos generados. La tripulaci\u00f3n, integrada por m\u00e1s de 100 marinos militares, permaneci\u00f3 all\u00ed durante un mes.<\/p>\n\n\n\n<p>El ministro destac\u00f3 la importancia de estar presente en la partida y la llegada de las delegaciones que cumplen funciones en otras partes del mundo, ya sea en la Ant\u00e1rtida o a trav\u00e9s de las misiones de paz. \u201cDurante estos cuatro a\u00f1os, todas las veces que hubo misi\u00f3n, estuve recibiendo a los tripulantes\u201d, dijo. Los funcionarios representan al Estado uruguayo y es necesario que reciban el respaldo del jerarca de turno, agreg\u00f3.<\/p>\n\n\n\n<p>Asimismo, valor\u00f3 el concierto \u201cPor la paz y la ciencia\u201d, brindado por la Orquesta Nacional Juvenil del SODRE en la Base Cient\u00edfica Ant\u00e1rtica Artigas, el jueves 15. El jerarca destac\u00f3 el mensaje brindado por los artistas, \u00aben un momento tan dif\u00edcil del mundo\u201d. Representantes de bases vecinas participaron del evento, agreg\u00f3.<\/p>\n\n\n\n<p>En otro orden, inform\u00f3 que Uruguay solicit\u00f3 participar de la misi\u00f3n de paz de las Naciones Unidas en la Rep\u00fablica Centroafricana. La misi\u00f3n desarrollada en el Congo finaliza este a\u00f1o y la intenci\u00f3n del pa\u00eds es continuar siendo protagonista en este tipo de misiones, explic\u00f3.<\/p>\n","protected":false},"excerpt":{"rendered":"<p>Complet\u00f3 misi\u00f3n en la Ant\u00e1rtida el buque ROU 04 Gral. Artigas El ministro de Defensa Nacional, Javier Garc\u00eda, particip\u00f3 del arribo del buque ROU 04 Gral. Artigas de la Armada Nacional, procedente de la Ant\u00e1rtida. La misi\u00f3n dur\u00f3 31 d\u00edas y fue constituida por 121 tripulantes. El jerarca destac\u00f3 la labor realizada por este buque, &hellip;<\/p>\n","protected":false},"author":3,"featured_media":19410,"comment_status":"closed","ping_status":"closed","sticky":false,"template":"","format":"standard","meta":{"footnotes":""},"categories":[17],"tags":[],"class_list":["post-19406","post","type-post","status-publish","format-standard","has-post-thumbnail","hentry","category-nacionales"],"_links":{"self":[{"href":"https:\/\/elprofesional.uy\/www\/wp-json\/wp\/v2\/posts\/19406","targetHints":{"allow":["GET"]}}],"collection":[{"href":"https:\/\/elprofesional.uy\/www\/wp-json\/wp\/v2\/posts"}],"about":[{"href":"https:\/\/elprofesional.uy\/www\/wp-json\/wp\/v2\/types\/post"}],"author":[{"embeddable":true,"href":"https:\/\/elprofesional.uy\/www\/wp-json\/wp\/v2\/users\/3"}],"replies":[{"embeddable":true,"href":"https:\/\/elprofesional.uy\/www\/wp-json\/wp\/v2\/comments?post=19406"}],"version-history":[{"count":1,"href":"https:\/\/elprofesional.uy\/www\/wp-json\/wp\/v2\/posts\/19406\/revisions"}],"predecessor-version":[{"id":19411,"href":"https:\/\/elprofesional.uy\/www\/wp-json\/wp\/v2\/posts\/19406\/revisions\/19411"}],"wp:featuredmedia":[{"embeddable":true,"href":"https:\/\/elprofesional.uy\/www\/wp-json\/wp\/v2\/media\/19410"}],"wp:attachment":[{"href":"https:\/\/elprofesional.uy\/www\/wp-json\/wp\/v2\/media?parent=19406"}],"wp:term":[{"taxonomy":"category","embeddable":true,"href":"https:\/\/elprofesional.uy\/www\/wp-json\/wp\/v2\/categories?post=19406"},{"taxonomy":"post_tag","embeddable":true,"href":"https:\/\/elprofesional.uy\/www\/wp-json\/wp\/v2\/tags?post=19406"}],"curies":[{"name":"wp","href":"https:\/\/api.w.org\/{rel}","templated":true}]}}