{"id":16418,"date":"2023-08-03T08:00:37","date_gmt":"2023-08-03T11:00:37","guid":{"rendered":"https:\/\/elprofesional.uy\/www\/?p=16418"},"modified":"2023-08-02T20:59:12","modified_gmt":"2023-08-02T23:59:12","slug":"en-club-union-hasta-el-lunes-7","status":"publish","type":"post","link":"https:\/\/elprofesional.uy\/www\/archivos\/16418","title":{"rendered":"En Club Uni\u00f3n hasta el lunes 7"},"content":{"rendered":"<p><strong>En el centenario de P\u00e1ez Vilar\u00f3 inauguraron muestra homenaje<\/strong><\/p>\n<p>&nbsp;<\/p>\n<p>Conmemorando el centenario del destacado artista uruguayo Carlos P\u00e1ez Vilar\u00f3 (1.11.1923- 24.2.2014), la Intendencia de Cerro Largo presenta junto al Museo Casa Pueblo, la muestra itinerante \u00abForma y Color con Mirada Infinita\u00bb.<\/p>\n<p>M\u00e1s de veinte obras seleccionadas de diferentes \u00e9pocas del autor, se exhiben en esta exposici\u00f3n, en la que se exhiben destacadas presentaciones en distintas partes del mundo.<\/p>\n<p>El acto de apertura, cont\u00f3 con la presencia entre otras autoridades, del Intendente Jos\u00e9 Yurramendi, la Directora General de Educaci\u00f3n Cultura y Patrimonio Sandra Brum, el Jefe de la Divisi\u00f3n Cultura Antonio Cardozo y la representante del Museo Casa Pueblo Carina Delgado.<\/p>\n<p>Fue Delgado qui\u00e9n resalt\u00f3 la notable participaci\u00f3n de ni\u00f1os y adolescentes en la exposici\u00f3n, quienes seg\u00fan dijo, mostraron gran inter\u00e9s en la vida y obra del artista, lo que evidencia el \u201cexcelente trabajo llevado a cabo por los maestros y docentes\u201d de la comunidad.<\/p>\n<p>La muestra ofrece una experiencia enriquecedora con la disponibilidad de un audio gu\u00eda y un cat\u00e1logo digital, los que pueden descargarse mediante c\u00f3digos QR. Adem\u00e1s, los visitantes pueden disfrutar del documental \u00abArte y Aventura\u00bb, narrado por el propio artista que se proyecta en el Sal\u00f3n del Club Uni\u00f3n.<\/p>\n<p>Cabe mencionar que muestra sobre Carlos P\u00e1ez Vilar\u00f3, estar\u00e1 abierta para visitantes en el horario de 09.00 a 22.00 horas hasta el lunes 7 de agosto.<\/p>\n<p>&nbsp;<\/p>\n","protected":false},"excerpt":{"rendered":"<p>En el centenario de P\u00e1ez Vilar\u00f3 inauguraron muestra homenaje &nbsp; Conmemorando el centenario del destacado artista uruguayo Carlos P\u00e1ez Vilar\u00f3 (1.11.1923- 24.2.2014), la Intendencia de Cerro Largo presenta junto al Museo Casa Pueblo, la muestra itinerante \u00abForma y Color con Mirada Infinita\u00bb. M\u00e1s de veinte obras seleccionadas de diferentes \u00e9pocas del autor, se exhiben en &hellip;<\/p>\n","protected":false},"author":3,"featured_media":16419,"comment_status":"closed","ping_status":"closed","sticky":false,"template":"","format":"standard","meta":{"footnotes":""},"categories":[1],"tags":[],"class_list":["post-16418","post","type-post","status-publish","format-standard","has-post-thumbnail","hentry","category-sociales"],"_links":{"self":[{"href":"https:\/\/elprofesional.uy\/www\/wp-json\/wp\/v2\/posts\/16418","targetHints":{"allow":["GET"]}}],"collection":[{"href":"https:\/\/elprofesional.uy\/www\/wp-json\/wp\/v2\/posts"}],"about":[{"href":"https:\/\/elprofesional.uy\/www\/wp-json\/wp\/v2\/types\/post"}],"author":[{"embeddable":true,"href":"https:\/\/elprofesional.uy\/www\/wp-json\/wp\/v2\/users\/3"}],"replies":[{"embeddable":true,"href":"https:\/\/elprofesional.uy\/www\/wp-json\/wp\/v2\/comments?post=16418"}],"version-history":[{"count":1,"href":"https:\/\/elprofesional.uy\/www\/wp-json\/wp\/v2\/posts\/16418\/revisions"}],"predecessor-version":[{"id":16420,"href":"https:\/\/elprofesional.uy\/www\/wp-json\/wp\/v2\/posts\/16418\/revisions\/16420"}],"wp:featuredmedia":[{"embeddable":true,"href":"https:\/\/elprofesional.uy\/www\/wp-json\/wp\/v2\/media\/16419"}],"wp:attachment":[{"href":"https:\/\/elprofesional.uy\/www\/wp-json\/wp\/v2\/media?parent=16418"}],"wp:term":[{"taxonomy":"category","embeddable":true,"href":"https:\/\/elprofesional.uy\/www\/wp-json\/wp\/v2\/categories?post=16418"},{"taxonomy":"post_tag","embeddable":true,"href":"https:\/\/elprofesional.uy\/www\/wp-json\/wp\/v2\/tags?post=16418"}],"curies":[{"name":"wp","href":"https:\/\/api.w.org\/{rel}","templated":true}]}}